{"id":34294,"date":"2025-02-24T08:44:55","date_gmt":"2025-02-24T08:44:55","guid":{"rendered":"https:\/\/247stiri.ro\/index.php\/2025\/02\/24\/criminalul-francez-mohamed-amra-musca-venise-la-bucuresti-pentru-operatii-estetice-unde-l-au-prins-politistii\/"},"modified":"2025-02-24T08:44:55","modified_gmt":"2025-02-24T08:44:55","slug":"criminalul-francez-mohamed-amra-musca-venise-la-bucuresti-pentru-operatii-estetice-unde-l-au-prins-politistii","status":"publish","type":"post","link":"https:\/\/247stiri.ro\/index.php\/2025\/02\/24\/criminalul-francez-mohamed-amra-musca-venise-la-bucuresti-pentru-operatii-estetice-unde-l-au-prins-politistii\/","title":{"rendered":"Criminalul francez Mohamed Amra &#8211; Musca &#8211; venise la Bucure\u0219ti pentru opera\u021bii estetice. Unde l-au prins poli\u021bi\u0219tii"},"content":{"rendered":"<p>Atunci c\u00e2nd l-au urm\u0103rit pe Mohamed Amra \u00een Rom\u00e2nia, anchetatorii francezi au exploatat, printre altele, aceast\u0103 ipotez\u0103: cel mai c\u0103utat infractor francez, care a evadat \u00een urm\u0103 cu nou\u0103 luni de la Incarville, \u00een regiunea Eure, s-a deplasat la Bucure\u015fti pentru a face opera\u0163ii estetice.<\/p>\n<p>Duminic\u0103, \u00een fa\u0163a unui judec\u0103tor de la Curtea de Apel din capitala Rom\u00e2niei, cel poreclit \u201eLa Mouche\u201d (Musca) a confirmat aceast\u0103 suspiciune, potrivit informa\u0163iilor Le Figaro, anun\u021b\u0103 news.ro.<\/p>\n\n<p>Foto: Profi Media<\/p>\n<p>Deocamdat\u0103, natura opera\u0163iunilor la care urma s\u0103 fie supus nu este cunoscut\u0103, dar acest fapt sugereaz\u0103 c\u0103 traficantul de droguri prins, s\u00e2mb\u0103t\u0103, dup\u0103 o lung\u0103 urm\u0103rire, inten\u0163iona s\u0103 dispar\u0103 definitiv de pe radarul autorit\u0103\u0163ilor.<\/p>\n<p>Pentru aceasta, Mohamed Amra \u00eenchiriase un apartament l\u00e2ng\u0103 Bucure\u015fti, \u00een Voluntari, \u015fi inten\u0163iona s\u0103 r\u0103m\u00e2n\u0103 acolo o perioad\u0103 de timp. S\u00e2mb\u0103t\u0103, acesta se deplasa cu taxiul spre centrul capitalei, \u00een apropierea centrului comercial Promenada, c\u00e2nd a fost oprit f\u0103r\u0103 incidente de c\u0103tre poli\u0163i\u015fti.<\/p>\n<p><a href=\"https:\/\/www.realitatea.net\/stiri\/extern\/un-traficant-francez-de-droguri-deosebit-de-periculos-care-a-evadat-dupa-un-atac-asupra-dubei-penitenciarului-prins-la-bucuresti_67bac1716d73d55d4569fd82\" target=\"_blank\">Un traficant francez de droguri deosebit de periculos, care a evadat dup\u0103 un atac asupra dubei penitenciarului, prins la Bucure\u0219ti<\/a><\/p>\n<p>Anchetatorii francezi \u00eel reperaser\u0103 pe infractor la Bucure\u015fti cu dou\u0103 zile \u00eenainte \u015fi i-au alertat pe omologii lor rom\u00e2ni. Ei l-au urm\u0103rit \u015fi l-au arestat f\u0103r\u0103 incidente s\u00e2mb\u0103t\u0103, \u00een jurul orei 15.00, la ie\u015firea din centrul comercial, unde ar fi fost la frizerie.<\/p>\n<p>C\u00e2teva ore mai t\u00e2rziu, c\u00e2nd arestarea sa a fost f\u0103cut\u0103 public\u0103 de ministrul francez de interne, Bruno Retailleau, chipul inamicului public nr. 1 a ap\u0103rut \u00eentr-o secven\u0163\u0103 filmat\u0103, ascuns \u00een spatele unei perechi de ochelari mari \u015fi cu p\u0103rul vopsit \u00een ro\u015fu aprins.<\/p>\n<p>El a fost identificat folosindu-se recunoa\u015fterea facial\u0103 \u015fi amprentele digitale. Amra a fost predat poli\u0163iei de combatere a crimei organizate din capital\u0103 \u015fi \u015fi-a petrecut prima noapte \u00een arestul poli\u0163iei, \u00eenainte de a fi prezentat duminic\u0103 unui magistrat de la Curtea de Apel Bucure\u015fti pentru a se pronun\u0163a asupra arest\u0103rii sale preventive.<\/p>\n<p>\u00cen acela\u015fi timp, anchetatorii \u015fi-au accelerat eforturile \u00een alte p\u0103r\u0163i ale Europei: \u00een Spania \u015fi \u00een Fran\u0163a, unde zece persoane suspectate de complicitate la evadarea lui Amra au fost arestate \u015fi plasate \u00een deten\u0163ie.<\/p>\n<p>Aceste persoane sunt suspectate c\u0103 au participat la preg\u0103tirea \u015fi executarea evad\u0103rii, dar \u015fi c\u0103 au contribuit la ascunderea fugarului. Potrivit informa\u0163iilor Le Figaro, c\u00e2teva dintre aceste arest\u0103ri au avut loc \u00een Rouen \u015fi \u00een \u00eemprejurimi, unde Mohamed Amra a crescut.<\/p>\n<p>\u00cen conformitate cu procedura de extr\u0103dare rapid\u0103, infractorul, care face obiectul unui mandat european de arestare, va fi predat autorit\u0103\u0163ilor franceze. Extr\u0103darea va avea loc \u201e\u00een c\u00e2teva s\u0103pt\u0103m\u00e2ni\u201d, potrivit informa\u0163iilor cotidianului francez.<\/p>\n<p>\u00a0<\/p>","protected":false},"excerpt":{"rendered":"<p>Atunci c\u00e2nd l-au urm\u0103rit pe Mohamed Amra \u00een Rom\u00e2nia, anchetatorii francezi au exploatat, printre altele,&hellip;<\/p>\n","protected":false},"author":0,"featured_media":34295,"comment_status":"open","ping_status":"open","sticky":false,"template":"","format":"standard","meta":{"footnotes":""},"categories":[4],"tags":[],"class_list":["post-34294","post","type-post","status-publish","format-standard","has-post-thumbnail","hentry","category-extern"],"_links":{"self":[{"href":"https:\/\/247stiri.ro\/index.php\/wp-json\/wp\/v2\/posts\/34294","targetHints":{"allow":["GET"]}}],"collection":[{"href":"https:\/\/247stiri.ro\/index.php\/wp-json\/wp\/v2\/posts"}],"about":[{"href":"https:\/\/247stiri.ro\/index.php\/wp-json\/wp\/v2\/types\/post"}],"replies":[{"embeddable":true,"href":"https:\/\/247stiri.ro\/index.php\/wp-json\/wp\/v2\/comments?post=34294"}],"version-history":[{"count":0,"href":"https:\/\/247stiri.ro\/index.php\/wp-json\/wp\/v2\/posts\/34294\/revisions"}],"wp:featuredmedia":[{"embeddable":true,"href":"https:\/\/247stiri.ro\/index.php\/wp-json\/wp\/v2\/media\/34295"}],"wp:attachment":[{"href":"https:\/\/247stiri.ro\/index.php\/wp-json\/wp\/v2\/media?parent=34294"}],"wp:term":[{"taxonomy":"category","embeddable":true,"href":"https:\/\/247stiri.ro\/index.php\/wp-json\/wp\/v2\/categories?post=34294"},{"taxonomy":"post_tag","embeddable":true,"href":"https:\/\/247stiri.ro\/index.php\/wp-json\/wp\/v2\/tags?post=34294"}],"curies":[{"name":"wp","href":"https:\/\/api.w.org\/{rel}","templated":true}]}}