{"id":34296,"date":"2025-02-24T08:44:56","date_gmt":"2025-02-24T08:44:56","guid":{"rendered":"https:\/\/247stiri.ro\/index.php\/2025\/02\/24\/maia-sandu-solidara-cu-zelenski-linistea-noastra-depinde-de-curajul-ucrainei\/"},"modified":"2025-02-24T08:44:56","modified_gmt":"2025-02-24T08:44:56","slug":"maia-sandu-solidara-cu-zelenski-linistea-noastra-depinde-de-curajul-ucrainei","status":"publish","type":"post","link":"https:\/\/247stiri.ro\/index.php\/2025\/02\/24\/maia-sandu-solidara-cu-zelenski-linistea-noastra-depinde-de-curajul-ucrainei\/","title":{"rendered":"Maia Sandu, solidar\u0103 cu Zelenski: \u201dLini\u0219tea noastr\u0103 depinde de curajul Ucrainei\u201d"},"content":{"rendered":"<p>\u201eTrei ani de c\u00e2nd un r\u0103zboi nemilos \u00eencearc\u0103 s\u0103 zdrobeasc\u0103 libertatea unui popor \u015fi s\u0103 semene fric\u0103 \u00een inimile noaste. Trei ani, \u00een care zi de zi case, spitale, \u015fcoli \u015fi biserici din Ucraina sunt distruse, familii sunt sf\u00e2\u015fiate, iar copiii sunt lipsi\u0163i de copil\u0103rie. Trei ani de suferin\u0163\u0103, dar \u015fi de curaj nem\u0103surat\u201d, spune Maia Sandu \u00eentr-un mesaj postat pe Facebook.<\/p>\n<p>Ea sus\u0163ine c\u0103 ecourile acestui r\u0103zboi r\u0103sun\u0103 \u015fi \u00een Republica Moldova.<\/p>\n<p>\u201eAm v\u0103zut drone \u015fi fragmente de rachete c\u0103zute l\u00e2ng\u0103 satele noastre. Am sim\u0163it nelini\u015ftea nop\u0163ilor tulburate de bombardamente, dar Moldova a demonstrat c\u0103 este puternic\u0103. \u00cen fa\u0163a fricii, am r\u0103mas uni\u0163i. \u00cen fa\u0163a nesiguran\u0163ei, am ales solidaritatea.<\/p>\n<p>Am deschis u\u015fa celor care fug din calea r\u0103zboiului, am \u00eemp\u0103r\u0163it din pu\u0163inul pe care-l aveam f\u0103r\u0103 ezitare. Ast\u0103zi \u015ftim c\u0103 lini\u015ftea noastr\u0103 depinde de curajul Ucrainei, dar \u015fi de hot\u0103r\u00e2rea noastr\u0103. Trebuie s\u0103 ne protej\u0103m pacea \u015fi libertea de cei care vor s\u0103 ne vad\u0103 slabi \u015fi diviza\u0163i.<\/p>\n<p>De cei care ne \u015fantajeaz\u0103 cu \u00eentuneric \u015fi frig sau \u00eencearc\u0103 s\u0103 ne cumpere voturile cu bani murdari\u201d, a spus Maia Sandu, care a ad\u0103ugat c\u0103 Moldova a ales s\u0103 continue s\u0103 tr\u0103iasc\u0103 \u00een siguran\u0163\u0103 \u201e\u00een marea familie european\u0103\u201d.<\/p>","protected":false},"excerpt":{"rendered":"<p>\u201eTrei ani de c\u00e2nd un r\u0103zboi nemilos \u00eencearc\u0103 s\u0103 zdrobeasc\u0103 libertatea unui popor \u015fi s\u0103&hellip;<\/p>\n","protected":false},"author":0,"featured_media":34280,"comment_status":"open","ping_status":"open","sticky":false,"template":"","format":"standard","meta":{"footnotes":""},"categories":[4],"tags":[],"class_list":["post-34296","post","type-post","status-publish","format-standard","has-post-thumbnail","hentry","category-extern"],"_links":{"self":[{"href":"https:\/\/247stiri.ro\/index.php\/wp-json\/wp\/v2\/posts\/34296","targetHints":{"allow":["GET"]}}],"collection":[{"href":"https:\/\/247stiri.ro\/index.php\/wp-json\/wp\/v2\/posts"}],"about":[{"href":"https:\/\/247stiri.ro\/index.php\/wp-json\/wp\/v2\/types\/post"}],"replies":[{"embeddable":true,"href":"https:\/\/247stiri.ro\/index.php\/wp-json\/wp\/v2\/comments?post=34296"}],"version-history":[{"count":0,"href":"https:\/\/247stiri.ro\/index.php\/wp-json\/wp\/v2\/posts\/34296\/revisions"}],"wp:featuredmedia":[{"embeddable":true,"href":"https:\/\/247stiri.ro\/index.php\/wp-json\/wp\/v2\/media\/34280"}],"wp:attachment":[{"href":"https:\/\/247stiri.ro\/index.php\/wp-json\/wp\/v2\/media?parent=34296"}],"wp:term":[{"taxonomy":"category","embeddable":true,"href":"https:\/\/247stiri.ro\/index.php\/wp-json\/wp\/v2\/categories?post=34296"},{"taxonomy":"post_tag","embeddable":true,"href":"https:\/\/247stiri.ro\/index.php\/wp-json\/wp\/v2\/tags?post=34296"}],"curies":[{"name":"wp","href":"https:\/\/api.w.org\/{rel}","templated":true}]}}