{"id":34303,"date":"2025-02-24T08:44:58","date_gmt":"2025-02-24T08:44:58","guid":{"rendered":"https:\/\/247stiri.ro\/index.php\/2025\/02\/24\/sedinta-tensionata-la-vila-lac-palma-primita-de-victor-ponta-ce-vor-decide-astazi-liderii-psd\/"},"modified":"2025-02-24T08:44:58","modified_gmt":"2025-02-24T08:44:58","slug":"sedinta-tensionata-la-vila-lac-palma-primita-de-victor-ponta-ce-vor-decide-astazi-liderii-psd","status":"publish","type":"post","link":"https:\/\/247stiri.ro\/index.php\/2025\/02\/24\/sedinta-tensionata-la-vila-lac-palma-primita-de-victor-ponta-ce-vor-decide-astazi-liderii-psd\/","title":{"rendered":"\u0218edin\u021b\u0103 tensionat\u0103 la Vila Lac. &#8222;Palma&#8221; primit\u0103 de Victor Ponta: ce vor decide ast\u0103zi liderii PSD"},"content":{"rendered":"<p>Social-democra\u021bii se reunesc, luni, de la ora 11.00, la Vila Lac din Capital\u0103, \u00eentr-o \u0219edin\u021b\u0103 ce se anun\u021b\u0103 \u00eenc\u0103 de pe acum extrem de tensionat\u0103.<\/p>\n<p>Conform Realitatea PLUS, \u00een cadrul discu\u021biilor va fi abordat \u0219i subiectul Victor Ponta, asta dup\u0103 ce fostul consilier onorific al lui Marcel Ciolacu a anun\u021bat c\u0103 vrea s\u0103 candideze ca independent la preziden\u021bialele din luna mai. Ponta a spus \u00eens\u0103 c\u0103 nu vrea s\u0103-\u0219i dea demisia din PSD.\u00a0<\/p>\n<p>Potrivit unor surse social-democrate, este posibil ca \u00een \u0219edin\u021ba PSD s\u0103 se stabileasc\u0103 numele noilor secretari de stat din partea partidului, care vor fi numi\u021bi ca urmare a restructur\u0103rii aparatului bugetar.\u00cen \u0219edin\u021ba PSD ar urma s\u0103 se discute \u0219i despre apropiata campanie electoral\u0103, \u00een condi\u021biile \u00een care Alian\u021ba electoral\u0103 &#8222;&#8221;Rom\u00e2nia \u00cenainte&#8221;&#8221;, format\u0103 din PSD, PNL \u0219i UDMR, a fost \u00eenregistrat\u0103 oficial la Biroul Electoral Central, iar partidele din alian\u021b\u0103 au \u00eenceput s\u0103 str\u00e2ng\u0103 semn\u0103turi pentru candidatura lui Crin Antonescu la alegerile preziden\u021biale<\/p>","protected":false},"excerpt":{"rendered":"<p>Social-democra\u021bii se reunesc, luni, de la ora 11.00, la Vila Lac din Capital\u0103, \u00eentr-o \u0219edin\u021b\u0103&hellip;<\/p>\n","protected":false},"author":0,"featured_media":34304,"comment_status":"open","ping_status":"open","sticky":false,"template":"","format":"standard","meta":{"footnotes":""},"categories":[3],"tags":[],"class_list":["post-34303","post","type-post","status-publish","format-standard","has-post-thumbnail","hentry","category-politica"],"_links":{"self":[{"href":"https:\/\/247stiri.ro\/index.php\/wp-json\/wp\/v2\/posts\/34303","targetHints":{"allow":["GET"]}}],"collection":[{"href":"https:\/\/247stiri.ro\/index.php\/wp-json\/wp\/v2\/posts"}],"about":[{"href":"https:\/\/247stiri.ro\/index.php\/wp-json\/wp\/v2\/types\/post"}],"replies":[{"embeddable":true,"href":"https:\/\/247stiri.ro\/index.php\/wp-json\/wp\/v2\/comments?post=34303"}],"version-history":[{"count":0,"href":"https:\/\/247stiri.ro\/index.php\/wp-json\/wp\/v2\/posts\/34303\/revisions"}],"wp:featuredmedia":[{"embeddable":true,"href":"https:\/\/247stiri.ro\/index.php\/wp-json\/wp\/v2\/media\/34304"}],"wp:attachment":[{"href":"https:\/\/247stiri.ro\/index.php\/wp-json\/wp\/v2\/media?parent=34303"}],"wp:term":[{"taxonomy":"category","embeddable":true,"href":"https:\/\/247stiri.ro\/index.php\/wp-json\/wp\/v2\/categories?post=34303"},{"taxonomy":"post_tag","embeddable":true,"href":"https:\/\/247stiri.ro\/index.php\/wp-json\/wp\/v2\/tags?post=34303"}],"curies":[{"name":"wp","href":"https:\/\/api.w.org\/{rel}","templated":true}]}}