{"id":34305,"date":"2025-02-24T08:44:59","date_gmt":"2025-02-24T08:44:59","guid":{"rendered":"https:\/\/247stiri.ro\/index.php\/2025\/02\/24\/ciolacu-a-dat-semnalul-le-cere-primarilor-sa-i-faca-lui-crin-antonescu-campanie-electorala\/"},"modified":"2025-02-24T08:44:59","modified_gmt":"2025-02-24T08:44:59","slug":"ciolacu-a-dat-semnalul-le-cere-primarilor-sa-i-faca-lui-crin-antonescu-campanie-electorala","status":"publish","type":"post","link":"https:\/\/247stiri.ro\/index.php\/2025\/02\/24\/ciolacu-a-dat-semnalul-le-cere-primarilor-sa-i-faca-lui-crin-antonescu-campanie-electorala\/","title":{"rendered":"Ciolacu a dat semnalul: Le cere primarilor s\u0103-i fac\u0103 lui Crin Antonescu campanie electoral\u0103"},"content":{"rendered":"<p>\u201eF\u0103r\u0103 nicio re\u021binere am venit azi \u00een fa\u021ba dvs cu Crin Antonescu, propunerea alian\u021bei de guvernare pentru func\u021bia de pre\u0219edinte al Rom\u00e2niei\u201d, a declarat Ciolacu, \u00een aplauzele s\u0103lii.<\/p>\n<p>\u201e\u0218tim cu to\u021bii ce s-a \u00eent\u00e2mplat anul trecut (&#8230;) Cred c\u0103 \u00een primul r\u00e2nd am gre\u0219it eu, am \u00eencercat s\u0103 transmit ceea ce fac ca premier crez\u00e2nd c\u0103 acela e profilul de viitor pre\u0219edinte al Rom\u00e2niei, am gre\u0219it. Azi ave\u021bi \u00een fa\u021ba dvs un om care cu adev\u0103rat are profilul de pre\u0219edinte al Rom\u00e2niei, eu aveam profilul de premier. \u0218tiu surpriza pe care a\u021bi avut-o c\u00e2nd v-a\u021bi uitat la turul 1 al alegerilor preziden\u021biale, mai ales \u00een zona rural\u0103 \u0219i a\u021bi v\u0103zut o diferen\u021b\u0103 imens\u0103 \u00eentre ceea ce vorbea\u021bi dvs cu cet\u0103\u021benii \u0219i votul. Vreau s\u0103 v\u0103 spun c\u0103 de data aceasta nu mai trebuie s\u0103 fi\u021bi pasivi, de data asta trebuie s\u0103 merge\u021bi la oameni \u0219i s\u0103 le explica\u021bi adev\u0103rul, adev\u0103rul este c\u0103 dac\u0103 nu continu\u0103m pe linia actual\u0103, Rom\u00e2nia intr\u0103 \u00eentr-o aventur\u0103 care ar avea costuri asupra familiilor noastre, asupra copiilor no\u0219tri \u0219i asupra nepo\u021bilor no\u0219tri. Indiferent dac\u0103 unii dintre cet\u0103\u021benii pe care \u00eei reprezenta\u021bi au alt\u0103 p\u0103rere, avem datoria s\u0103 le explic\u0103m \u0219i s\u0103 le spunem adev\u0103rul (&#8230;) adev\u0103rul este c\u0103 nu avem alt\u0103 solu\u021bie \u00een acest moment pentru func\u021bia de pre\u0219edinte al Rom\u00e2niei dec\u00e2t Crin Antonescu, o spun ca un om politic trecut prin multe\u201d, a declarat Ciolacu.<\/p>","protected":false},"excerpt":{"rendered":"<p>\u201eF\u0103r\u0103 nicio re\u021binere am venit azi \u00een fa\u021ba dvs cu Crin Antonescu, propunerea alian\u021bei de&hellip;<\/p>\n","protected":false},"author":0,"featured_media":34298,"comment_status":"open","ping_status":"open","sticky":false,"template":"","format":"standard","meta":{"footnotes":""},"categories":[2],"tags":[],"class_list":["post-34305","post","type-post","status-publish","format-standard","has-post-thumbnail","hentry","category-actual"],"_links":{"self":[{"href":"https:\/\/247stiri.ro\/index.php\/wp-json\/wp\/v2\/posts\/34305","targetHints":{"allow":["GET"]}}],"collection":[{"href":"https:\/\/247stiri.ro\/index.php\/wp-json\/wp\/v2\/posts"}],"about":[{"href":"https:\/\/247stiri.ro\/index.php\/wp-json\/wp\/v2\/types\/post"}],"replies":[{"embeddable":true,"href":"https:\/\/247stiri.ro\/index.php\/wp-json\/wp\/v2\/comments?post=34305"}],"version-history":[{"count":0,"href":"https:\/\/247stiri.ro\/index.php\/wp-json\/wp\/v2\/posts\/34305\/revisions"}],"wp:featuredmedia":[{"embeddable":true,"href":"https:\/\/247stiri.ro\/index.php\/wp-json\/wp\/v2\/media\/34298"}],"wp:attachment":[{"href":"https:\/\/247stiri.ro\/index.php\/wp-json\/wp\/v2\/media?parent=34305"}],"wp:term":[{"taxonomy":"category","embeddable":true,"href":"https:\/\/247stiri.ro\/index.php\/wp-json\/wp\/v2\/categories?post=34305"},{"taxonomy":"post_tag","embeddable":true,"href":"https:\/\/247stiri.ro\/index.php\/wp-json\/wp\/v2\/tags?post=34305"}],"curies":[{"name":"wp","href":"https:\/\/api.w.org\/{rel}","templated":true}]}}