{"id":34318,"date":"2025-02-24T08:45:03","date_gmt":"2025-02-24T08:45:03","guid":{"rendered":"https:\/\/247stiri.ro\/index.php\/2025\/02\/24\/rusia-accepta-un-acord-de-pace-pe-termen-lung-cu-ucraina-nu-si-o-incetare-rapida-a-focului\/"},"modified":"2025-02-24T08:45:03","modified_gmt":"2025-02-24T08:45:03","slug":"rusia-accepta-un-acord-de-pace-pe-termen-lung-cu-ucraina-nu-si-o-incetare-rapida-a-focului","status":"publish","type":"post","link":"https:\/\/247stiri.ro\/index.php\/2025\/02\/24\/rusia-accepta-un-acord-de-pace-pe-termen-lung-cu-ucraina-nu-si-o-incetare-rapida-a-focului\/","title":{"rendered":"Rusia accept\u0103 un acord de pace pe termen lung cu Ucraina, nu \u0219i o \u00eencetare rapid\u0103 a focului"},"content":{"rendered":"<p>\u00centr-un interviu publicat luni, c\u00e2nd se \u00eemplinesc trei ani de c\u00e2nd zeci de mii de solda\u0163i ru\u015fi au trecut \u00een Ucraina la ordinul pre\u015fedintelui Vladimir Putin, ministrul adjunct de externe rus Serghei Riabkov a declarat c\u0103 Moscova dore\u015fte un acord cu Ucraina care s\u0103 treac\u0103 testul timpului.<\/p>\n<p>\u201ePutem recunoa\u015fte cu suficient\u0103 \u00eencredere dorin\u0163a p\u0103r\u0163ii americane de a avansa c\u0103tre o \u00eencetare rapid\u0103 a focului\u201d, a declarat Riabkov. \u201eDar o \u00eencetare a focului f\u0103r\u0103 o \u00een\u0163elegere pe termen lung este calea c\u0103tre o reluare rapid\u0103 a luptelor \u015fi o reluare a conflictului cu consecin\u0163e \u015fi mai grave, inclusiv consecin\u0163e pentru rela\u0163iile ruso-americane\u201d, a ar\u0103tat el. \u201eNu ne dorim acest lucru\u201d, a punctat Riabkov.<\/p>\n<p>\u201eTrebuie s\u0103 g\u0103sim o solu\u0163ie pe termen lung, care, la r\u00e2ndul s\u0103u, trebuie s\u0103 includ\u0103 \u00een mod necesar un element de dep\u0103\u015fire a cauzelor profunde a ceea ce s-a \u00eent\u00e2mplat \u00een \u015fi \u00een jurul Ucrainei\u201d, a declarat Riabkov \u00eentr-o aluzie la extinderea NATO.<\/p>","protected":false},"excerpt":{"rendered":"<p>\u00centr-un interviu publicat luni, c\u00e2nd se \u00eemplinesc trei ani de c\u00e2nd zeci de mii de&hellip;<\/p>\n","protected":false},"author":0,"featured_media":34293,"comment_status":"open","ping_status":"open","sticky":false,"template":"","format":"standard","meta":{"footnotes":""},"categories":[2],"tags":[],"class_list":["post-34318","post","type-post","status-publish","format-standard","has-post-thumbnail","hentry","category-actual"],"_links":{"self":[{"href":"https:\/\/247stiri.ro\/index.php\/wp-json\/wp\/v2\/posts\/34318","targetHints":{"allow":["GET"]}}],"collection":[{"href":"https:\/\/247stiri.ro\/index.php\/wp-json\/wp\/v2\/posts"}],"about":[{"href":"https:\/\/247stiri.ro\/index.php\/wp-json\/wp\/v2\/types\/post"}],"replies":[{"embeddable":true,"href":"https:\/\/247stiri.ro\/index.php\/wp-json\/wp\/v2\/comments?post=34318"}],"version-history":[{"count":0,"href":"https:\/\/247stiri.ro\/index.php\/wp-json\/wp\/v2\/posts\/34318\/revisions"}],"wp:featuredmedia":[{"embeddable":true,"href":"https:\/\/247stiri.ro\/index.php\/wp-json\/wp\/v2\/media\/34293"}],"wp:attachment":[{"href":"https:\/\/247stiri.ro\/index.php\/wp-json\/wp\/v2\/media?parent=34318"}],"wp:term":[{"taxonomy":"category","embeddable":true,"href":"https:\/\/247stiri.ro\/index.php\/wp-json\/wp\/v2\/categories?post=34318"},{"taxonomy":"post_tag","embeddable":true,"href":"https:\/\/247stiri.ro\/index.php\/wp-json\/wp\/v2\/tags?post=34318"}],"curies":[{"name":"wp","href":"https:\/\/api.w.org\/{rel}","templated":true}]}}