{"id":34337,"date":"2025-02-24T09:45:19","date_gmt":"2025-02-24T09:45:19","guid":{"rendered":"https:\/\/247stiri.ro\/index.php\/2025\/02\/24\/liderul-suveranistilor-pregateste-debarcarea-guvernului-ciolacu-un-milion-de-romani-asteptati-in-strada-pe-1-martie-la-cel-mai-mare-protest-de-pana-acum\/"},"modified":"2025-02-24T09:45:19","modified_gmt":"2025-02-24T09:45:19","slug":"liderul-suveranistilor-pregateste-debarcarea-guvernului-ciolacu-un-milion-de-romani-asteptati-in-strada-pe-1-martie-la-cel-mai-mare-protest-de-pana-acum","status":"publish","type":"post","link":"https:\/\/247stiri.ro\/index.php\/2025\/02\/24\/liderul-suveranistilor-pregateste-debarcarea-guvernului-ciolacu-un-milion-de-romani-asteptati-in-strada-pe-1-martie-la-cel-mai-mare-protest-de-pana-acum\/","title":{"rendered":"Liderul suverani\u0219tilor preg\u0103te\u0219te DEBARCAREA Guvernului Ciolacu. Un milion de rom\u00e2ni, a\u0219tepta\u021bi \u00een strad\u0103 pe 1 martie, la cel mai mare PROTEST de p\u00e2n\u0103 acum"},"content":{"rendered":"<p>Un milion de rom\u00e2ni sunt a\u0219tepta\u021bi \u00een Capital\u0103 din toat\u0103 \u021bara, dar \u0219i din Diaspora, conform surselor Realitatea PLUS. Liderul AUR George Simion spunea c\u0103 tot centrul capitalei va fi \u00eemp\u00e2nzit de oameni p\u00e2n\u0103 \u00een zona Guvernului. Rom\u00e2nii vor reluarea turului 2, a\u0219a cum au cerut \u0219i p\u00e2n\u0103 acum, la celelalte proteste \u0219i, de asemenea, \u00ee\u0219i doresc ca actualul guvern &#8211; pe care \u00eel consider\u0103 ilegitim &#8211; s\u0103 fie dat jos.\u00a0<\/p>\n<p>Liderul AUR George Simion a vorbit inclusiv despre o mo\u021biune de cenzur\u0103, mo\u021biune ce ar putea fi depus\u0103 \u00een perioada urm\u0103toare pentru debarcarea guvernului Ciolacu.\u00a0<\/p>\n<p>Revenind la proteste, oamenii vor ajunge din nou \u00een strad\u0103. Vorbim despre cel mai mare protest de p\u00e2n\u0103 acum.<\/p>\n<p>Realitatea PLUS face apel la calm \u00een momentul \u00een care au loc astfel de manifesta\u021bii.\u00a0<\/p>\n<p>\u00a0<\/p>","protected":false},"excerpt":{"rendered":"<p>Un milion de rom\u00e2ni sunt a\u0219tepta\u021bi \u00een Capital\u0103 din toat\u0103 \u021bara, dar \u0219i din Diaspora,&hellip;<\/p>\n","protected":false},"author":0,"featured_media":34338,"comment_status":"open","ping_status":"open","sticky":false,"template":"","format":"standard","meta":{"footnotes":""},"categories":[3],"tags":[],"class_list":["post-34337","post","type-post","status-publish","format-standard","has-post-thumbnail","hentry","category-politica"],"_links":{"self":[{"href":"https:\/\/247stiri.ro\/index.php\/wp-json\/wp\/v2\/posts\/34337","targetHints":{"allow":["GET"]}}],"collection":[{"href":"https:\/\/247stiri.ro\/index.php\/wp-json\/wp\/v2\/posts"}],"about":[{"href":"https:\/\/247stiri.ro\/index.php\/wp-json\/wp\/v2\/types\/post"}],"replies":[{"embeddable":true,"href":"https:\/\/247stiri.ro\/index.php\/wp-json\/wp\/v2\/comments?post=34337"}],"version-history":[{"count":0,"href":"https:\/\/247stiri.ro\/index.php\/wp-json\/wp\/v2\/posts\/34337\/revisions"}],"wp:featuredmedia":[{"embeddable":true,"href":"https:\/\/247stiri.ro\/index.php\/wp-json\/wp\/v2\/media\/34338"}],"wp:attachment":[{"href":"https:\/\/247stiri.ro\/index.php\/wp-json\/wp\/v2\/media?parent=34337"}],"wp:term":[{"taxonomy":"category","embeddable":true,"href":"https:\/\/247stiri.ro\/index.php\/wp-json\/wp\/v2\/categories?post=34337"},{"taxonomy":"post_tag","embeddable":true,"href":"https:\/\/247stiri.ro\/index.php\/wp-json\/wp\/v2\/tags?post=34337"}],"curies":[{"name":"wp","href":"https:\/\/api.w.org\/{rel}","templated":true}]}}