{"id":34339,"date":"2025-02-24T09:45:20","date_gmt":"2025-02-24T09:45:20","guid":{"rendered":"https:\/\/247stiri.ro\/index.php\/2025\/02\/24\/tragedie-in-judetul-valcea-un-barbat-a-fost-gasit-carbonizat-in-propria-sa-locuinta-care-a-fost-mistuita-de-flacari\/"},"modified":"2025-02-24T09:45:20","modified_gmt":"2025-02-24T09:45:20","slug":"tragedie-in-judetul-valcea-un-barbat-a-fost-gasit-carbonizat-in-propria-sa-locuinta-care-a-fost-mistuita-de-flacari","status":"publish","type":"post","link":"https:\/\/247stiri.ro\/index.php\/2025\/02\/24\/tragedie-in-judetul-valcea-un-barbat-a-fost-gasit-carbonizat-in-propria-sa-locuinta-care-a-fost-mistuita-de-flacari\/","title":{"rendered":"Tragedie \u00een jude\u021bul V\u00e2lcea. Un b\u0103rbat a fost g\u0103sit carbonizat \u00een propria sa locuin\u021b\u0103 care a fost mistuit\u0103 de fl\u0103c\u0103ri"},"content":{"rendered":"<p><a href=\"https:\/\/www.realitatea.net\/stiri\/actual\/incendiu-la-o-casa-de-rugaciune-persoanele-aflate-in-interior-sau-autoevacuat-pana-la-sosirea-pompierilor_67bb0f503ccd9373317fa732\" target=\"_blank\">Incendiul<\/a> a izbucnit \u00een noaptea de duminic\u0103 spre luni, \u00een localitatea Fr\u00e2nce\u0219ti, din jude\u021bul V\u00e2lcea, iar la scurt timp, la fa\u021ba locului, au intervenit pompierii din cadru ISU V\u00e2lcea cu mai multe autospeciale de stingere.<\/p>\n<p>Atunci c\u00e2nd au sosit la locul interven\u021biei, salvatorii au constatat c\u0103 fl\u0103c\u0103rile au cuprins aproximativ 25 de metri p\u0103tra\u021bi din locuin\u021b\u0103.\u00a0<\/p>\n<p>Imediat, incendiul a fost localizat \u0219i lichidat, \u00eens\u0103 din p\u0103cate, \u00een interiorul casei a fost descoperit un b\u0103rbat carbonizat.\u00a0<\/p>\n<p>\u00cen acest caz, a fost decshis\u0103 o anchet\u0103, iar pompierii din cadrul ISU V\u00e2lcea \u00eencearc\u0103 s\u0103 stabileasc\u0103 cauza producerii incendiului.\u00a0<\/p>","protected":false},"excerpt":{"rendered":"<p>Incendiul a izbucnit \u00een noaptea de duminic\u0103 spre luni, \u00een localitatea Fr\u00e2nce\u0219ti, din jude\u021bul V\u00e2lcea,&hellip;<\/p>\n","protected":false},"author":0,"featured_media":34340,"comment_status":"open","ping_status":"open","sticky":false,"template":"","format":"standard","meta":{"footnotes":""},"categories":[2],"tags":[],"class_list":["post-34339","post","type-post","status-publish","format-standard","has-post-thumbnail","hentry","category-actual"],"_links":{"self":[{"href":"https:\/\/247stiri.ro\/index.php\/wp-json\/wp\/v2\/posts\/34339","targetHints":{"allow":["GET"]}}],"collection":[{"href":"https:\/\/247stiri.ro\/index.php\/wp-json\/wp\/v2\/posts"}],"about":[{"href":"https:\/\/247stiri.ro\/index.php\/wp-json\/wp\/v2\/types\/post"}],"replies":[{"embeddable":true,"href":"https:\/\/247stiri.ro\/index.php\/wp-json\/wp\/v2\/comments?post=34339"}],"version-history":[{"count":0,"href":"https:\/\/247stiri.ro\/index.php\/wp-json\/wp\/v2\/posts\/34339\/revisions"}],"wp:featuredmedia":[{"embeddable":true,"href":"https:\/\/247stiri.ro\/index.php\/wp-json\/wp\/v2\/media\/34340"}],"wp:attachment":[{"href":"https:\/\/247stiri.ro\/index.php\/wp-json\/wp\/v2\/media?parent=34339"}],"wp:term":[{"taxonomy":"category","embeddable":true,"href":"https:\/\/247stiri.ro\/index.php\/wp-json\/wp\/v2\/categories?post=34339"},{"taxonomy":"post_tag","embeddable":true,"href":"https:\/\/247stiri.ro\/index.php\/wp-json\/wp\/v2\/tags?post=34339"}],"curies":[{"name":"wp","href":"https:\/\/api.w.org\/{rel}","templated":true}]}}