{"id":34343,"date":"2025-02-24T09:45:21","date_gmt":"2025-02-24T09:45:21","guid":{"rendered":"https:\/\/247stiri.ro\/index.php\/2025\/02\/24\/ciolacu-in-continuare-exista-o-diferenta-mare-intre-urban-si-rural-anul-2025-si-anul-2026-trebuie-sa-fie-anii-cu-cele-mai-mari-investitii\/"},"modified":"2025-02-24T09:45:21","modified_gmt":"2025-02-24T09:45:21","slug":"ciolacu-in-continuare-exista-o-diferenta-mare-intre-urban-si-rural-anul-2025-si-anul-2026-trebuie-sa-fie-anii-cu-cele-mai-mari-investitii","status":"publish","type":"post","link":"https:\/\/247stiri.ro\/index.php\/2025\/02\/24\/ciolacu-in-continuare-exista-o-diferenta-mare-intre-urban-si-rural-anul-2025-si-anul-2026-trebuie-sa-fie-anii-cu-cele-mai-mari-investitii\/","title":{"rendered":"Ciolacu: \u00cen continuare exist\u0103 o diferen\u0163\u0103 mare \u00eentre urban \u015fi rural. Anul 2025 \u015fi anul 2026 trebuie s\u0103 fie anii cu cele mai mari investi\u0163ii"},"content":{"rendered":"<p>El a ad\u0103ugat c\u0103 \u015fi-ar dori ca prioritare s\u0103 fie investi\u0163iile din PNRR deoarece acestea trebuie implementate p\u00e2n\u0103 la sf\u00e2r\u015fitul anului 2026. \u201dReg\u00e2ndi\u0163i rapid, \u015fi asta \u00eenseamn\u0103 \u00een c\u00e2teva s\u0103pt\u0103m\u00e2ni, reg\u00e2ndi\u0163i structura de organizare \u015fi de func\u0163ionare a fiec\u0103rui minister astfel \u00eenc\u00e2t rela\u0163ia cu autorit\u0103\u0163ile locale \u015fi decont\u0103rile, mai ales pe PNRR, s\u0103 fie o prioritate\u201d, le-a mai spus el mini\u015ftrilor.<\/p>\n<p>\u201dM\u0103 bucur mult c\u0103 ne vedem \u015fi anul acesta. Dup\u0103 unii anul trecut a fost un an r\u0103u, normal c\u0103 dup\u0103 al\u0163ii a fost un an bun. Cred c\u0103 anul trecut, mai ales \u00een ceea ce prive\u015fte investi\u0163iile dumneavoastr\u0103, a fost un an bun. Pu\u0163in\u0103 lume a fost atent\u0103 c\u00e2nd am anun\u0163at prin septembrie anul trecut, c\u0103 indiferent, cu orice risc,\u00a0 riscul nu era dec\u00e2t cel de a dep\u0103\u015fi deficitul, voi continua investi\u0163iile care sunt \u00een derulare \u00een Rom\u00e2nia. A existat la sf\u00e2r\u015fitul anului o degradare mai accentuat\u0103 a deficitului bugetar, dar acest lucru s-a datorat \u015fi investi\u0163iilor pe care dumneavoastr\u0103 le ave\u0163i \u00een derulare. \u015etim cu to\u0163ii c\u0103 am pornit acel proiect nou Anghel Saligny, de 65 de miliarde, g\u00e2ndindu-l pe o perioad\u0103 de patru ani. Anul trecut a fost un an \u00een care dumneavoastr\u0103 a\u0163i avut primii alegeri. Vreau s\u0103 v\u0103 spun c\u0103 la sf\u00e2r\u015fitul anului cheltuielile pentru programul Anghel Saligny au fost de peste 60% din suma de 65 de miliarde. Ea nu s-a raportat multianual cum a fost de fapt g\u00e2ndit proiectul\u201d, a declarat Marcel Ciolacu.\u00a0El a men\u0163ionat c\u0103 2025 \u015fi 2026 trebuie s\u0103 fie anii cu cele mai mari investi\u0163ii derulate \u00een Rom\u00e2nia.\u00a0\u00a0\u201dE foarte u\u015for s\u0103 critici sau este foarte u\u015for s\u0103 blochezi investi\u0163ii.\u00a0 \u00cen continuare exist\u0103 o diferen\u0163\u0103 mare \u00eentre urban \u015fi rural. De aceea, eu consider c\u0103 \u015fi anul 2025 \u015fi anul 2026 trebuie s\u0103 fie anii cu cele mai mari investi\u0163ii derulate \u00een Rom\u00e2nia. Mi-a\u015f dori mult ca \u015fi prioritate s\u0103 fie investi\u0163iile din PNNR, \u0163in\u00e2nd cont de faptul c\u0103 la sf\u00e2r\u015fitul anului 2026 este deadline-ul de implementare. De aceea am f\u0103cut un apel \u015fi \u00een \u015fedin\u0163a de guvern, am s\u0103 fac un apel \u015fi la dumneavoastr\u0103 ca dinamica rela\u0163iilor cu fiecare minister \u00een parte s\u0103 se schimbe\u201d,\u00a0 mai transmis Marcel Ciolacu.El a ad\u0103ugat c\u0103 nu mai trebuie angaja\u0163i oameni special pentru fondurile europene deoarece \u00een ministere exist\u0103 suficient personal pentru a se ocupa de acestea.\u00a0\u00a0\u201dVorbeam mai devreme cu domnul ministru Fechet care \u00eemi spunea c\u0103 este prea pu\u0163in\u0103 lume la implementarea programelor prin PNRR. O s\u0103-mi permit ast\u0103zi, nu s\u0103-l cert pe domnul Fechet, s\u0103 fac o recomandare la to\u0163i mini\u015ftrii. \u00cen fiecare minister sunt sute de oameni. Nu trebuie s\u0103 mai st\u0103m s\u0103 angaj\u0103m al\u0163i oameni special pentru derogarea fondurilor europene \u015fi mai ales pentru PNRR. Reg\u00e2ndi\u0163i rapid, \u015fi asta \u00eenseamn\u0103 \u00een c\u00e2teva s\u0103pt\u0103m\u00e2ni, reg\u00e2ndi\u0163i structura de organizare \u015fi de func\u0163ionare a fiec\u0103rui minister astfel \u00eenc\u00e2t rela\u0163ia cu autorit\u0103\u0163ile locale \u015fi decont\u0103rile, mai ales pe PNRR, s\u0103 fie o prioritate. Intr\u0103m \u00eentr-un alt ritm \u015fi \u00eentr-o alt\u0103 dinamic\u0103\u00a0 Dac\u0103 cumva ne trece prin cap c\u0103 Rom\u00e2nia se poate dezvolta f\u0103r\u0103 fonduri europene, f\u0103r\u0103 Uniunea European\u0103, mai ales \u00een ace\u015fti doi ani, eu v\u0103 spun din toate perspectivele financiare, politice, toate perspectivele \u00een ceea ce prive\u015fte securitatea acestei \u0163\u0103ri, este exclus\u201d, a mai afirmat Marcel Ciolacu.<\/p>","protected":false},"excerpt":{"rendered":"<p>El a ad\u0103ugat c\u0103 \u015fi-ar dori ca prioritare s\u0103 fie investi\u0163iile din PNRR deoarece acestea&hellip;<\/p>\n","protected":false},"author":0,"featured_media":34344,"comment_status":"open","ping_status":"open","sticky":false,"template":"","format":"standard","meta":{"footnotes":""},"categories":[2],"tags":[],"class_list":["post-34343","post","type-post","status-publish","format-standard","has-post-thumbnail","hentry","category-actual"],"_links":{"self":[{"href":"https:\/\/247stiri.ro\/index.php\/wp-json\/wp\/v2\/posts\/34343","targetHints":{"allow":["GET"]}}],"collection":[{"href":"https:\/\/247stiri.ro\/index.php\/wp-json\/wp\/v2\/posts"}],"about":[{"href":"https:\/\/247stiri.ro\/index.php\/wp-json\/wp\/v2\/types\/post"}],"replies":[{"embeddable":true,"href":"https:\/\/247stiri.ro\/index.php\/wp-json\/wp\/v2\/comments?post=34343"}],"version-history":[{"count":0,"href":"https:\/\/247stiri.ro\/index.php\/wp-json\/wp\/v2\/posts\/34343\/revisions"}],"wp:featuredmedia":[{"embeddable":true,"href":"https:\/\/247stiri.ro\/index.php\/wp-json\/wp\/v2\/media\/34344"}],"wp:attachment":[{"href":"https:\/\/247stiri.ro\/index.php\/wp-json\/wp\/v2\/media?parent=34343"}],"wp:term":[{"taxonomy":"category","embeddable":true,"href":"https:\/\/247stiri.ro\/index.php\/wp-json\/wp\/v2\/categories?post=34343"},{"taxonomy":"post_tag","embeddable":true,"href":"https:\/\/247stiri.ro\/index.php\/wp-json\/wp\/v2\/tags?post=34343"}],"curies":[{"name":"wp","href":"https:\/\/api.w.org\/{rel}","templated":true}]}}