{"id":34358,"date":"2025-02-24T10:48:42","date_gmt":"2025-02-24T10:48:42","guid":{"rendered":"https:\/\/247stiri.ro\/index.php\/2025\/02\/24\/aur-anunta-cand-va-fi-depusa-motiunea-de-cenzura-impotriva-guvernului-ciolacu-2\/"},"modified":"2025-02-24T10:48:42","modified_gmt":"2025-02-24T10:48:42","slug":"aur-anunta-cand-va-fi-depusa-motiunea-de-cenzura-impotriva-guvernului-ciolacu-2","status":"publish","type":"post","link":"https:\/\/247stiri.ro\/index.php\/2025\/02\/24\/aur-anunta-cand-va-fi-depusa-motiunea-de-cenzura-impotriva-guvernului-ciolacu-2\/","title":{"rendered":"AUR anun\u021b\u0103 c\u00e2nd va fi depus\u0103 mo\u021biunea de cenzur\u0103 \u00eempotriva Guvernului Ciolacu 2"},"content":{"rendered":"<p>\u201eSper\u0103m, a\u0219a cum am spus pe multe ori, ca \u00eentreaga opozi\u021bie, inclusiv USR-ul, s\u0103 semneze sau, dac\u0103 nu semneaz\u0103, s\u0103 voteze aceast\u0103 mo\u021biune de cenzur\u0103. Noi le-am l\u0103sat timp celor de la USR timp de o s\u0103pt\u0103m\u00e2n\u0103 s\u0103 se g\u00e2ndeasc\u0103, s\u0103 cump\u0103neasc\u0103 bine \u0219i s\u0103 hot\u0103rasc\u0103 dac\u0103 vor sau nu ca guvernul Marcel Ciolacu s\u0103 plece\u201d, a declarat Peiu.<\/p>\n<p>Senatorul AUR spune c\u0103 votul pentru mo\u021biunea de cenzur\u0103 va avea loc, cel mai probabil, s\u0103pt\u0103m\u00e2na viitoare.<\/p>\n<p>\u201eProbabil c\u0103 mo\u021biunea de cenzur\u0103 va fi votat\u0103 s\u0103pt\u0103m\u00e2na viitoare. Cred c\u0103 dac\u0103 parlamentarii, at\u00e2t cei de la USR, c\u00e2t \u0219i unii dintre cei de la putere care sunt acum sub presiunea aleg\u0103torilor lor, care le repro\u0219eaz\u0103 modul \u00een care se guverneaz\u0103, vor vota aceast\u0103 mo\u021biune, s\u0103pt\u0103m\u00e2na viitoare acest guvern ar putea s\u0103 plece sau cel pu\u021bin s\u0103 r\u0103m\u00e2n\u0103 interimar s\u0103 nu mai poat\u0103 s\u0103 fac\u0103 r\u0103u d\u00e2nd ordonan\u021be de urgen\u021b\u0103 ilegale \u0219i imorale\u201d, a sus\u021binut Petri\u0219or Peiu.<\/p>\n<p>Acesta a declarat c\u0103 tergiversarea procedurii de \u00eendep\u0103rtare a Guvernului permite comiterea unor noi abuzuri din partea puterii \u201eAu ap\u0103rut excep\u021bii la ordonan\u021ba trenule\u021b, care se pare c\u0103 este nou mod de guvernare. \u00cenghe\u021b\u0103m pentru toat\u0103 lumea cheltuielile, dar unora care sunt mai aproape de noi le d\u0103m voie s\u0103 cheltuiasc\u0103\u201d, a afirmat senatorul AUR.<\/p>\n<p>AUR a anun\u021bat inclusiv un protest de amploare \u00een data de 1 martie \u00eempotriva guvernului investit de pre\u0219edintele demisionar Klaus Iohannis.<\/p>\n<p>\u201eEste un protest la adresa modului catastrofal \u00een care este guvernat\u0103 \u021bara \u0219i trebuie privit \u00een conjunc\u021bie cu mo\u021biunea de cenzur\u0103. Avem, cu alte cuvinte, o ac\u021biune foarte ferm\u0103 \u0219i clar\u0103, de a-l trimite pe Marcel Ciolacu dup\u0103 Klaus Iohannis\u201d, a precizat liderul senatorilor AUR.<\/p>\n<p>Petri\u0219or Peiu a sus\u021binut c\u0103 motiva\u021bia rom\u00e2nilor care vor participa la protest va fi dat\u0103 de intoleran\u021ba fa\u021b\u0103 de abuzurile \u0219i ilegalit\u0103\u021bile comise de actuala guvernare.<\/p>\n<p>\u201ePoporul rom\u00e2n nu mai accept\u0103 ilegalit\u0103\u021bile \u0219i abuzurile actualei coali\u021bii de guvernare, nu mai accept\u0103 interferen\u021be \u00een procesul legislativ, nu mai accept\u0103 s\u0103 li se spun\u0103 pe cine au dreptul s\u0103 voteze \u0219i pe cine nu, \u0219i nu mai accept\u0103 abuzuri de genul anul\u0103m alegerile\u201d, a mai sus\u021binut Petri\u0219or Peiu.<\/p>","protected":false},"excerpt":{"rendered":"<p>\u201eSper\u0103m, a\u0219a cum am spus pe multe ori, ca \u00eentreaga opozi\u021bie, inclusiv USR-ul, s\u0103 semneze&hellip;<\/p>\n","protected":false},"author":0,"featured_media":34359,"comment_status":"open","ping_status":"open","sticky":false,"template":"","format":"standard","meta":{"footnotes":""},"categories":[3],"tags":[],"class_list":["post-34358","post","type-post","status-publish","format-standard","has-post-thumbnail","hentry","category-politica"],"_links":{"self":[{"href":"https:\/\/247stiri.ro\/index.php\/wp-json\/wp\/v2\/posts\/34358","targetHints":{"allow":["GET"]}}],"collection":[{"href":"https:\/\/247stiri.ro\/index.php\/wp-json\/wp\/v2\/posts"}],"about":[{"href":"https:\/\/247stiri.ro\/index.php\/wp-json\/wp\/v2\/types\/post"}],"replies":[{"embeddable":true,"href":"https:\/\/247stiri.ro\/index.php\/wp-json\/wp\/v2\/comments?post=34358"}],"version-history":[{"count":0,"href":"https:\/\/247stiri.ro\/index.php\/wp-json\/wp\/v2\/posts\/34358\/revisions"}],"wp:featuredmedia":[{"embeddable":true,"href":"https:\/\/247stiri.ro\/index.php\/wp-json\/wp\/v2\/media\/34359"}],"wp:attachment":[{"href":"https:\/\/247stiri.ro\/index.php\/wp-json\/wp\/v2\/media?parent=34358"}],"wp:term":[{"taxonomy":"category","embeddable":true,"href":"https:\/\/247stiri.ro\/index.php\/wp-json\/wp\/v2\/categories?post=34358"},{"taxonomy":"post_tag","embeddable":true,"href":"https:\/\/247stiri.ro\/index.php\/wp-json\/wp\/v2\/tags?post=34358"}],"curies":[{"name":"wp","href":"https:\/\/api.w.org\/{rel}","templated":true}]}}