{"id":34363,"date":"2025-02-24T10:48:44","date_gmt":"2025-02-24T10:48:44","guid":{"rendered":"https:\/\/247stiri.ro\/index.php\/2025\/02\/24\/incident-grav-in-gorj-un-barbat-si-a-injunghiat-fratele-victima-a-decedat-arest-preventiv-30-de-zile-pentru-criminal\/"},"modified":"2025-02-24T10:48:44","modified_gmt":"2025-02-24T10:48:44","slug":"incident-grav-in-gorj-un-barbat-si-a-injunghiat-fratele-victima-a-decedat-arest-preventiv-30-de-zile-pentru-criminal","status":"publish","type":"post","link":"https:\/\/247stiri.ro\/index.php\/2025\/02\/24\/incident-grav-in-gorj-un-barbat-si-a-injunghiat-fratele-victima-a-decedat-arest-preventiv-30-de-zile-pentru-criminal\/","title":{"rendered":"Incident grav \u00een Gorj. Un b\u0103rbat \u0219i-a \u00eenjunghiat fratele. Victima a decedat. Arest preventiv, 30 de zile, pentru criminal"},"content":{"rendered":"<p>Reprezentan\u0163ii Parchetului de pe l\u00e2ng\u0103 Tribunalul Gorj au anun\u0163at, luni, c\u0103 un b\u0103rbat este cercetat pentru s\u0103v\u00e2r\u015firea infrac\u0163iunii de omor asupra unui membru al familiei.\u00a0\u00a0\u201d\u00cen noaptea zilei de 22.02.2025, \u00een jurul orei 00:30, ca urmare a unui conflict spontan produs pe fondul consumului de alcool, inculpatul F.C. a lovit puternic cu un obiect t\u0103ietor-\u00een\u0163ep\u0103tor (cu\u0163it) \u00een zona g\u00e2tului pe fratele s\u0103u, F.V., c\u0103ruia i-a produs astfel o plag\u0103 penetrant\u0103 grav\u0103 care a \u00eenceput s\u0103 s\u00e2ngereze masiv, lovitur\u0103 \u00een urma c\u0103reia victima a decedat\u201d, au afirmat procurorii.\u00a0\u00a0Ei au ad\u0103ugat c\u0103 speciali\u015ftii SML Gorj au transmis, \u00een urma concluziilor preliminare, c\u0103 moartea victimei a fost violent\u0103, fiind cauzat\u0103 de hemoragia extern\u0103, \u201dprin plag\u0103 t\u0103iat\u0103 \u00een\u0163ep\u0103tor-lovitoare cervical\u0103 st\u00e2ng\u0103 cu interesare vascular\u0103 major\u0103\u201d.\u00a0\u00a0B\u0103rbatul a fost re\u0163inut pentru 24 de ore, fiind prezentat apoi Tribunalului Gorj care a decis arestarea sa preventiv\u0103 pentru 30 de zile.\u00a0<\/p>","protected":false},"excerpt":{"rendered":"<p>Reprezentan\u0163ii Parchetului de pe l\u00e2ng\u0103 Tribunalul Gorj au anun\u0163at, luni, c\u0103 un b\u0103rbat este cercetat&hellip;<\/p>\n","protected":false},"author":0,"featured_media":34364,"comment_status":"open","ping_status":"open","sticky":false,"template":"","format":"standard","meta":{"footnotes":""},"categories":[2],"tags":[],"class_list":["post-34363","post","type-post","status-publish","format-standard","has-post-thumbnail","hentry","category-actual"],"_links":{"self":[{"href":"https:\/\/247stiri.ro\/index.php\/wp-json\/wp\/v2\/posts\/34363","targetHints":{"allow":["GET"]}}],"collection":[{"href":"https:\/\/247stiri.ro\/index.php\/wp-json\/wp\/v2\/posts"}],"about":[{"href":"https:\/\/247stiri.ro\/index.php\/wp-json\/wp\/v2\/types\/post"}],"replies":[{"embeddable":true,"href":"https:\/\/247stiri.ro\/index.php\/wp-json\/wp\/v2\/comments?post=34363"}],"version-history":[{"count":0,"href":"https:\/\/247stiri.ro\/index.php\/wp-json\/wp\/v2\/posts\/34363\/revisions"}],"wp:featuredmedia":[{"embeddable":true,"href":"https:\/\/247stiri.ro\/index.php\/wp-json\/wp\/v2\/media\/34364"}],"wp:attachment":[{"href":"https:\/\/247stiri.ro\/index.php\/wp-json\/wp\/v2\/media?parent=34363"}],"wp:term":[{"taxonomy":"category","embeddable":true,"href":"https:\/\/247stiri.ro\/index.php\/wp-json\/wp\/v2\/categories?post=34363"},{"taxonomy":"post_tag","embeddable":true,"href":"https:\/\/247stiri.ro\/index.php\/wp-json\/wp\/v2\/tags?post=34363"}],"curies":[{"name":"wp","href":"https:\/\/api.w.org\/{rel}","templated":true}]}}