{"id":34387,"date":"2025-02-24T11:44:53","date_gmt":"2025-02-24T11:44:53","guid":{"rendered":"https:\/\/247stiri.ro\/index.php\/2025\/02\/24\/ciolacu-merge-pe-mana-lui-antonescu-la-prezidentiale-daca-nu-continuam-in-linia-pe-care-am-inceput-o-in-acest-moment-romania-intra-intr-o-aventura\/"},"modified":"2025-02-24T11:44:53","modified_gmt":"2025-02-24T11:44:53","slug":"ciolacu-merge-pe-mana-lui-antonescu-la-prezidentiale-daca-nu-continuam-in-linia-pe-care-am-inceput-o-in-acest-moment-romania-intra-intr-o-aventura","status":"publish","type":"post","link":"https:\/\/247stiri.ro\/index.php\/2025\/02\/24\/ciolacu-merge-pe-mana-lui-antonescu-la-prezidentiale-daca-nu-continuam-in-linia-pe-care-am-inceput-o-in-acest-moment-romania-intra-intr-o-aventura\/","title":{"rendered":"Ciolacu merge pe m\u00e2na lui Antonescu la preziden\u021biale: &#8222;Dac\u0103 nu continu\u0103m \u00een linia pe care am \u00eenceput-o \u00een acest moment, Rom\u00e2nia intr\u0103 \u00eentr-o aventur\u0103&#8221;"},"content":{"rendered":"<p>&#8221;Intr\u0103m \u00eentr-un alt ritm \u0219i \u00eentr-o alt\u0103 dinamic\u0103. Dac\u0103 cumva ne trece prin cap c\u0103 Rom\u00e2nia se poate dezvolta f\u0103r\u0103 fonduri europene, f\u0103r\u0103 Uniunea European\u0103, mai ales \u00een ace\u0219ti doi ani, eu v\u0103 spun, din toate perspectivele, financiare, politice, toate perspectivele \u00een ceea ce prive\u0219te securitatea acestei \u021b\u0103ri, este exclus. De aceea, f\u0103r\u0103 nicio re\u021binere, am venit ast\u0103zi \u00een fa\u021ba dumneavoastr\u0103 cu Crin Antonescu, propunerea alian\u021bei de guvernare pentru func\u021bia de pre\u0219edinte a Rom\u00e2niei. \u0218tim cu to\u021bii ce s-a \u00eent\u00e2mplat anul trecut. (&#8230;) Eu cred c\u0103, \u00een primul \u0219i \u00een primul r\u00e2nd, am gre\u0219it eu \u0219i am \u00eencercat s\u0103 transmit ceea ce fac ca \u0219i prim-ministru, crez\u00e2nd c\u0103 acela este \u0219i profilul de viitor pre\u0219edinte al Rom\u00e2niei. Am gre\u0219it. \u0218i trebuie s\u0103 \u00eenv\u0103\u021b \u0219i eu, \u0219i dumneavoastr\u0103. \u00cen fa\u021ba noastr\u0103 avem ast\u0103zi cu adev\u0103rat un om care are profilul de pre\u0219edinte al Rom\u00e2niei. Eu am avut profilul de un prim-ministru criticat. \u0218i acum sunt sub un asalt continuu. \u00cen\u021beleg \u0219i de ce, alt\u0103 miz\u0103 nu este dec\u00e2t de a intra iar\u0103\u0219i \u00eentr-o degringolad\u0103 \u0219i de a schimba candidatul comun al alian\u021bei. \u00cemi asum, \u00eempreun\u0103 cu C\u0103t\u0103lin Predoiu, cu domnul Ilie Bolojan, cu domnul Kelemen Hunor, domnul Pambuccian, ne asum\u0103m to\u021bi candidatura lui Crin Antonescu&#8221;, a afirmat Ciolacu, la Adunarea General\u0103 a Asocia\u021biei Comunelor din Rom\u00e2nia.El i-a \u00eendemnat pe reprezentan\u021bii comunelor prezen\u021bi la reuniune s\u0103 explice cet\u0103\u021benilor pe care-i reprezint\u0103 &#8221;adev\u0103rul&#8221;, pentru a nu se ajunge ca Rom\u00e2nia s\u0103 intre &#8221;\u00eentr-o aventur\u0103&#8221;.&#8221;\u0218tiu surpriza pe care a\u021bi avut-o c\u00e2nd v-a\u021bi uitat la turul \u00eent\u00e2i al alegerilor pentru func\u021bia de pre\u0219edinte, mai ales \u00een zona rural\u0103, \u0219i a\u021bi v\u0103zut o diferen\u021b\u0103 imens\u0103 \u00eentre ceea ce vorbea\u021bi dumneavoastr\u0103 cu cet\u0103\u021benii \u0219i votul. Vreau s\u0103 v\u0103 spun c\u0103 de data aceasta nu mai trebuie s\u0103 fi\u021bi pasivi. De data aceasta, trebuie s\u0103 merge\u021bi la oameni \u0219i trebuie s\u0103 le explica\u021bi adev\u0103rul. Adev\u0103rul este c\u0103, dac\u0103 nu continu\u0103m \u00een linia pe care am \u00eenceput-o \u00een acest moment, Rom\u00e2nia intr\u0103 \u00eentr-o aventur\u0103. Nu este o aventur\u0103 a noastr\u0103. Este o aventur\u0103 creat\u0103 de c\u0103tre noi, dar este o aventur\u0103 care va avea costuri asupra familiilor noastre, asupra copiilor no\u0219tri \u0219i asupra nepo\u021bilor no\u0219tri. Acesta este adev\u0103rul. Indiferent dac\u0103 unii dintre cet\u0103\u021benii pe care \u00eei reprezenta\u021bi, fiindc\u0103 dumneavoastr\u0103 sunte\u021bi, de fapt, firul ierbii, au alt\u0103 p\u0103rere, noi cu to\u021bii avem datoria ca \u00een acest moment s\u0103 ne implic\u0103m \u0219i s\u0103 le explic\u0103m \u0219i s\u0103 le spunem, de fapt, adev\u0103rul. E o diferen\u021b\u0103 imens\u0103 \u00eentre percep\u021bie \u0219i adev\u0103r. Adev\u0103rul, \u00een schimb, de aceast\u0103 dat\u0103, \u0219i avem timp suficient, este c\u0103 nu avem alt\u0103 solu\u021bie \u00een acest moment pentru func\u021bia de pre\u0219edinte al Rom\u00e2niei dec\u00e2t Crin Antonescu&#8221;, a sus\u021binut Marcel Ciolacu.<\/p>\n<p>Crin Antonescu: &#8222;E vorba de a decide dac\u0103 noi continu\u0103m tot ceea ce s-a f\u0103cut bun \u00een aceast\u0103 \u021bar\u0103&#8221;<\/p>\n<p>Candidatul coali\u021biei de guvernare la alegerile preziden\u021biale, Crin Antonescu, le-a transmis ale\u0219ilor locali c\u0103 Rom\u00e2nia are nevoie \u00een continuare de dezvoltare.&#8221;Avem ni\u0219te alegeri preziden\u021biale care sunt cheia dezvolt\u0103rii Rom\u00e2niei pe urm\u0103torii ani. (&#8230;) Le mul\u021bumesc celor trei partide care m-au onorat cu propunerea de a fi candidatul acestei alian\u021be la Pre\u0219edin\u021bia Rom\u00e2niei. (&#8230;) Am r\u0103spuns acestui lucru \u0219i m-am angajat \u00een aceast\u0103 misiune complet convins c\u0103 pot s\u0103 dau aceast\u0103 b\u0103t\u0103lie, \u00eempreun\u0103 cu cei mai mul\u021bi dintre dumneavoastr\u0103, \u0219i mai ales c\u0103 pot s\u0103 duc un mandat de pre\u0219edinte al Rom\u00e2niei \u00een urm\u0103torii ani, \u00eentr-o perioad\u0103 grea, cum nu a mai fost pentru noi, dup\u0103 1990 sau dup\u0103 2000, \u00een orice caz. E vorba, \u00een fond, odat\u0103 cu alegerea pre\u0219edintelui \u0219i cu ceea ce pre\u0219edintele, \u00eempreun\u0103 cu Parlamentul, cu Guvernul, cu administra\u021bia central\u0103 \u0219i local\u0103, va face \u00een urm\u0103torii ani, e vorba de op\u021biuni majore pentru Rom\u00e2nia. E vorba de a decide dac\u0103 noi continu\u0103m tot ceea ce s-a f\u0103cut bun \u00een aceast\u0103 \u021bar\u0103, dac\u0103 avem capacitatea s\u0103 reform\u0103m ceea ce trebuie reformat \u00een aceast\u0103 \u021bar\u0103 \u0219i dac\u0103 avem puterea s\u0103 continu\u0103m un drum pe care Rom\u00e2nia l-a \u00eenceput \u0219i pe care nu-l poate abandona f\u0103r\u0103 riscul de a-\u0219i pierde identitatea, soliditatea, pozi\u021bia \u0219i garan\u021biile ca \u021bar\u0103 \u00een lumea civilizat\u0103&#8221;, a afirmat Antonescu.<\/p>","protected":false},"excerpt":{"rendered":"<p>&#8221;Intr\u0103m \u00eentr-un alt ritm \u0219i \u00eentr-o alt\u0103 dinamic\u0103. Dac\u0103 cumva ne trece prin cap c\u0103&hellip;<\/p>\n","protected":false},"author":0,"featured_media":34388,"comment_status":"open","ping_status":"open","sticky":false,"template":"","format":"standard","meta":{"footnotes":""},"categories":[3],"tags":[],"class_list":["post-34387","post","type-post","status-publish","format-standard","has-post-thumbnail","hentry","category-politica"],"_links":{"self":[{"href":"https:\/\/247stiri.ro\/index.php\/wp-json\/wp\/v2\/posts\/34387","targetHints":{"allow":["GET"]}}],"collection":[{"href":"https:\/\/247stiri.ro\/index.php\/wp-json\/wp\/v2\/posts"}],"about":[{"href":"https:\/\/247stiri.ro\/index.php\/wp-json\/wp\/v2\/types\/post"}],"replies":[{"embeddable":true,"href":"https:\/\/247stiri.ro\/index.php\/wp-json\/wp\/v2\/comments?post=34387"}],"version-history":[{"count":0,"href":"https:\/\/247stiri.ro\/index.php\/wp-json\/wp\/v2\/posts\/34387\/revisions"}],"wp:featuredmedia":[{"embeddable":true,"href":"https:\/\/247stiri.ro\/index.php\/wp-json\/wp\/v2\/media\/34388"}],"wp:attachment":[{"href":"https:\/\/247stiri.ro\/index.php\/wp-json\/wp\/v2\/media?parent=34387"}],"wp:term":[{"taxonomy":"category","embeddable":true,"href":"https:\/\/247stiri.ro\/index.php\/wp-json\/wp\/v2\/categories?post=34387"},{"taxonomy":"post_tag","embeddable":true,"href":"https:\/\/247stiri.ro\/index.php\/wp-json\/wp\/v2\/tags?post=34387"}],"curies":[{"name":"wp","href":"https:\/\/api.w.org\/{rel}","templated":true}]}}