{"id":34389,"date":"2025-02-24T11:44:54","date_gmt":"2025-02-24T11:44:54","guid":{"rendered":"https:\/\/247stiri.ro\/index.php\/2025\/02\/24\/lucian-romascanu-spune-ca-seful-psd-constanta-va-fi-exclus-imediat-din-partid-daca-este-pus-sub-acuzare-de-dna\/"},"modified":"2025-02-24T11:44:54","modified_gmt":"2025-02-24T11:44:54","slug":"lucian-romascanu-spune-ca-seful-psd-constanta-va-fi-exclus-imediat-din-partid-daca-este-pus-sub-acuzare-de-dna","status":"publish","type":"post","link":"https:\/\/247stiri.ro\/index.php\/2025\/02\/24\/lucian-romascanu-spune-ca-seful-psd-constanta-va-fi-exclus-imediat-din-partid-daca-este-pus-sub-acuzare-de-dna\/","title":{"rendered":"Lucian Roma\u0219canu spune c\u0103 \u0219eful PSD Constan\u021ba va fi \u201eexclus imediat\u201d din partid dac\u0103 este pus sub acuzare de DNA"},"content":{"rendered":"<p>Pre\u0219edintele organiza\u021biei municipale PSD Constan\u021ba,\u00a0Ion Dumitrache, va fi \u201eexclus imediat\u201d din partid dac\u0103 va fi pus sub acuzare, dup\u0103 ce DNA a f\u0103cut perchezi\u021bii \u00eentr-un dosar de mit\u0103 \u00een portul Constan\u021ba \u0219i social-democratul\u00a0<a href=\"https:\/\/www.realitatea.net\/stiri\/justitie\/cele-mai-ample-perchezitii-efectuate-de-procurorii-dna-in-portul-constanta-acuzatii-de-dare-si-luare-de-mita-abuz-in-serviciu_67bc05951afc18234735d834\" target=\"_blank\">s-ar afla \u00een vizorul procurorilor<\/a>, a declarat luni, la Vila Lac, pre\u0219edintele CJ Buz\u0103u, Lucian Roma\u0219canu.<\/p>\n<p>Nu s-a discutat (despre ancheta DNA \u00een \u0219edin\u021ba central\u0103 PSD, n.red.), dar lucrurile sunt clare, dac\u0103 va exista o punere sub acuzare a dlui Dumitrache, d\u00e2nsul va fi exclus imediat din PSD, a\u0219a cum s-a \u00eent\u00e2mplat de fiecare dat\u0103\u201d, a declarat Roma\u0219canu.<\/p>\n<p>Procurorii DNA au f\u0103cut luni zeci de perchezi\u021bii \u00eentr-un dosar \u00een care func\u0163ionari \u015fi oameni de afaceri sunt acuza\u021bi de \u201eluare \u015fi dare de mit\u0103 \u00een leg\u0103tur\u0103 cu activitatea economic\u0103 desf\u0103\u015furat\u0103 \u00een Portul Constan\u0163a\u201d.<\/p>\n<p>Potrivit unor surse judiciare, \u00een dosar sunt viza\u0163i, printre al\u0163ii, \u015fefi \u015fi func\u0163ionari din cadrul Portului Constan\u0163a, iar valoarea mitei s-ar ridica la peste 6 milioane de euro. De asemenea, conform surselor citate, \u00een dosar ar fi viza\u0163i \u015feful PSD Constan\u0163a, Ion Dumitrache, oameni de afaceri locali \u015fi fo\u015fti vame\u015fi.<\/p>","protected":false},"excerpt":{"rendered":"<p>Pre\u0219edintele organiza\u021biei municipale PSD Constan\u021ba,\u00a0Ion Dumitrache, va fi \u201eexclus imediat\u201d din partid dac\u0103 va fi&hellip;<\/p>\n","protected":false},"author":0,"featured_media":34383,"comment_status":"open","ping_status":"open","sticky":false,"template":"","format":"standard","meta":{"footnotes":""},"categories":[2],"tags":[],"class_list":["post-34389","post","type-post","status-publish","format-standard","has-post-thumbnail","hentry","category-actual"],"_links":{"self":[{"href":"https:\/\/247stiri.ro\/index.php\/wp-json\/wp\/v2\/posts\/34389","targetHints":{"allow":["GET"]}}],"collection":[{"href":"https:\/\/247stiri.ro\/index.php\/wp-json\/wp\/v2\/posts"}],"about":[{"href":"https:\/\/247stiri.ro\/index.php\/wp-json\/wp\/v2\/types\/post"}],"replies":[{"embeddable":true,"href":"https:\/\/247stiri.ro\/index.php\/wp-json\/wp\/v2\/comments?post=34389"}],"version-history":[{"count":0,"href":"https:\/\/247stiri.ro\/index.php\/wp-json\/wp\/v2\/posts\/34389\/revisions"}],"wp:featuredmedia":[{"embeddable":true,"href":"https:\/\/247stiri.ro\/index.php\/wp-json\/wp\/v2\/media\/34383"}],"wp:attachment":[{"href":"https:\/\/247stiri.ro\/index.php\/wp-json\/wp\/v2\/media?parent=34389"}],"wp:term":[{"taxonomy":"category","embeddable":true,"href":"https:\/\/247stiri.ro\/index.php\/wp-json\/wp\/v2\/categories?post=34389"},{"taxonomy":"post_tag","embeddable":true,"href":"https:\/\/247stiri.ro\/index.php\/wp-json\/wp\/v2\/tags?post=34389"}],"curies":[{"name":"wp","href":"https:\/\/api.w.org\/{rel}","templated":true}]}}