{"id":34391,"date":"2025-02-24T11:44:54","date_gmt":"2025-02-24T11:44:54","guid":{"rendered":"https:\/\/247stiri.ro\/index.php\/2025\/02\/24\/alerta-de-grenada-in-bucuresti-un-barbat-a-sunat-la-112-sa-anunte-ca-a-gasit-un-proiectil-politia-confirma\/"},"modified":"2025-02-24T11:44:54","modified_gmt":"2025-02-24T11:44:54","slug":"alerta-de-grenada-in-bucuresti-un-barbat-a-sunat-la-112-sa-anunte-ca-a-gasit-un-proiectil-politia-confirma","status":"publish","type":"post","link":"https:\/\/247stiri.ro\/index.php\/2025\/02\/24\/alerta-de-grenada-in-bucuresti-un-barbat-a-sunat-la-112-sa-anunte-ca-a-gasit-un-proiectil-politia-confirma\/","title":{"rendered":"Alert\u0103 de GRENAD\u0102 \u00een Bucure\u0219ti. Un b\u0103rbat a sunat la 112 s\u0103 anun\u021be c\u0103 a g\u0103sit un proiectil, poli\u021bia CONFIRM\u0102"},"content":{"rendered":"<p>&#8222;Ast\u0103zi, 24 februarie 2025, poli\u021bi\u0219ti din cadrul Direc\u021biei Generale de Poli\u021bie a Municipiului Bucure\u0219ti \u2013 Sec\u021bia 7 Poli\u021bie au fost sesiza\u021bi, prin sistem 112, \u00een jurul orei \u00a010.15, de c\u0103tre o persoan\u0103, cu privire la faptul c\u0103, pe o strad\u0103 din Sectorul 2, s-ar afla un proiectil.<\/p>\n<p>La fa\u021ba locului s-au deplasat poli\u021bi\u0219ti din cadrul subunit\u0103\u021bii, care au constatat c\u0103 cele sesizate se confirm\u0103, fiind luat\u0103 m\u0103sura restric\u021bion\u0103rii traficului pe toat\u0103 strada.<\/p>\n<p>\u00cen urma primelor verific\u0103ri efectuate de c\u0103tre speciali\u0219tii pirotehnicieni din cadrul Unit\u0103\u021bii Speciale de Interven\u021bie \u00een Situa\u021bii de Urgen\u021b\u0103 &#8211; Ciolpani, obiectul nu avea \u00eenc\u0103rc\u0103tur\u0103 pirotehnic\u0103, fiind vorba doar despre un obiect metalic, acesta fiind ridicat de la fa\u021ba locului.<\/p>\n<p>Verific\u0103rile sunt continuate de c\u0103tre poli\u021bi\u0219tii Capitalei, \u00een vederea stabilirii situa\u021biei de fapt.<\/p>\n<p>Facem un apel c\u0103tre toate persoanele care observ\u0103 un astfel de obiect, s\u0103 nu \u00eel ating\u0103 \u0219i s\u0103 sesizeze organele de poli\u021bie, pentru verific\u0103ri specifice&#8221;, a anun\u021bat Poli\u021bia Capitalei.<\/p>","protected":false},"excerpt":{"rendered":"<p>&#8222;Ast\u0103zi, 24 februarie 2025, poli\u021bi\u0219ti din cadrul Direc\u021biei Generale de Poli\u021bie a Municipiului Bucure\u0219ti \u2013&hellip;<\/p>\n","protected":false},"author":0,"featured_media":34392,"comment_status":"open","ping_status":"open","sticky":false,"template":"","format":"standard","meta":{"footnotes":""},"categories":[2],"tags":[],"class_list":["post-34391","post","type-post","status-publish","format-standard","has-post-thumbnail","hentry","category-actual"],"_links":{"self":[{"href":"https:\/\/247stiri.ro\/index.php\/wp-json\/wp\/v2\/posts\/34391","targetHints":{"allow":["GET"]}}],"collection":[{"href":"https:\/\/247stiri.ro\/index.php\/wp-json\/wp\/v2\/posts"}],"about":[{"href":"https:\/\/247stiri.ro\/index.php\/wp-json\/wp\/v2\/types\/post"}],"replies":[{"embeddable":true,"href":"https:\/\/247stiri.ro\/index.php\/wp-json\/wp\/v2\/comments?post=34391"}],"version-history":[{"count":0,"href":"https:\/\/247stiri.ro\/index.php\/wp-json\/wp\/v2\/posts\/34391\/revisions"}],"wp:featuredmedia":[{"embeddable":true,"href":"https:\/\/247stiri.ro\/index.php\/wp-json\/wp\/v2\/media\/34392"}],"wp:attachment":[{"href":"https:\/\/247stiri.ro\/index.php\/wp-json\/wp\/v2\/media?parent=34391"}],"wp:term":[{"taxonomy":"category","embeddable":true,"href":"https:\/\/247stiri.ro\/index.php\/wp-json\/wp\/v2\/categories?post=34391"},{"taxonomy":"post_tag","embeddable":true,"href":"https:\/\/247stiri.ro\/index.php\/wp-json\/wp\/v2\/tags?post=34391"}],"curies":[{"name":"wp","href":"https:\/\/api.w.org\/{rel}","templated":true}]}}