{"id":34396,"date":"2025-02-24T11:44:56","date_gmt":"2025-02-24T11:44:56","guid":{"rendered":"https:\/\/247stiri.ro\/index.php\/2025\/02\/24\/politist-din-cluj-condamnat-la-peste-4-ani-de-inchisoare-dupa-ce-a-lovit-cu-bestialitate-un-sofer-baut-agentul-cercetat-in-alte-doua-dosare\/"},"modified":"2025-02-24T11:44:56","modified_gmt":"2025-02-24T11:44:56","slug":"politist-din-cluj-condamnat-la-peste-4-ani-de-inchisoare-dupa-ce-a-lovit-cu-bestialitate-un-sofer-baut-agentul-cercetat-in-alte-doua-dosare","status":"publish","type":"post","link":"https:\/\/247stiri.ro\/index.php\/2025\/02\/24\/politist-din-cluj-condamnat-la-peste-4-ani-de-inchisoare-dupa-ce-a-lovit-cu-bestialitate-un-sofer-baut-agentul-cercetat-in-alte-doua-dosare\/","title":{"rendered":"Poli\u021bist din Cluj, CONDAMNAT la peste 4 ani de \u00eenchisoare, dup\u0103 ce a lovit cu bestialitate un \u0219ofer b\u0103ut. Agentul, cercetat \u00een alte dou\u0103 dosare"},"content":{"rendered":"<p>Conform anchetatorilor, la data de 1 aprilie 2022, la ora 22:26, a fost \u00eenregistrat un apel la SNUAU 112, prin care a fost reclamat faptul c\u0103 \u00een interiorul unui autovehicul parcat \u00een zona intersec\u021biei str\u0103zii Grigore Alexandrescu cu strada Prim\u0103verii din M\u0103n\u0103\u0219tur se afl\u0103 un b\u0103rbat ce pare a fi \u00een stare de ebrietate sau le\u015finat, dar care, \u00een acela\u0219i timp, accelera motorul autovehiculului.\u00a0<\/p>\n<p>Agentul de poli\u021bie anchetat \u0219i colegul s\u0103u au intervenit de urgen\u021b\u0103 la fa\u021ba locului \u0219i l-au identificat pe b\u0103rbat, apoi au \u00eencercat s\u0103-l scoat\u0103 din ma\u0219in\u0103. Pentru c\u0103 acesta era recalcitrant, cei doi au folosit for\u021ba fizic\u0103 \u0219i un spray lacrimogen pentru a-l determina pe b\u0103rbat s\u0103 coboare din ma\u0219in\u0103.\u00a0 \u00cen timp ce unul dintre poli\u021bi\u0219ti s-a dus la ma\u0219in\u0103 ca s\u0103 \u00eentocmeasc\u0103 un proces verbal, cel\u0103lalt l-a imobilizat pe b\u0103rbatul b\u0103ut \u0219i l-a tr\u00e2ntit la p\u0103m\u00e2nt, dup\u0103 care l-a dat cu capul de asfalt \u0219i a \u00eenceput s\u0103-l loveasc\u0103 cu pumnii.<\/p>\n<p>Lucuruile nu se opresc \u00eens\u0103 aici. \u00cen timp ce victima era transportat\u0103 la sec\u021bie, poli\u021bistul s-a n\u0103pustit din nou asupra acesteia. \u00cen urma agresiunilor suferite, b\u0103rbatul a necesitat \u00eentre 30-35 zile de \u00eengrijiri medicale.<\/p>\n<p>\u201e\u00cen actul de sesizare a instan\u021bei, s-a re\u021binut, \u00een esen\u021b\u0103, c\u0103 \u00een data de 01.04.2022, \u00een intervalul orar aproximativ 22:47-23:53, inculpatul, av\u00e2nd calitatea de agent \u0219ef de poli\u021bie \u00een cadrul IPJ Cluj &#8211; Poli\u021bia Municipiului Cluj-Napoca &#8211; Sec\u021bia IV \u0219i fiind \u00een timpul exercit\u0103rii atribu\u021biilor de serviciu, ar fi efectuat procedura de imobilizare \u0219i \u00eenc\u0103tu\u0219are a persoanei v\u0103t\u0103mate folosind for\u0163a fizic\u0103 \u00een mod dispropor\u021bionat \u015fi nejustificat, respectiv ar fi tr\u00e2ntit persoana v\u0103t\u0103mat\u0103 la sol, cu consecin\u021ba lovirii acesteia cu capul de asfalt \u015fi i-ar fi aplicat lovituri cu pumnii la corp, iar pe parcursul transportului c\u0103tre sediul unit\u0103\u021bii de poli\u021bie, afl\u00e2ndu-se l\u00e2ng\u0103 persoana v\u0103t\u0103mat\u0103 pe bancheta din spate a autovehiculului de serviciu, i-ar fi aplicat acesteia lovituri active cu pumnii \u00een partea st\u00e2ng\u0103 a toracelui, ar fi str\u00e2ns-o cu m\u00e2na \u015fi i-ar fi aplicat lovituri \u00een zona organelor genitale\u201d, au re\u021binut magistra\u021bii clujeni.<\/p>\n<p>Judec\u0103toria Cluj-Napoca a re\u021binut c\u0103 poli\u021bistul a mai fost condamnat, \u00een cursul anului 2023, \u00een alte dou\u0103 dosare.<\/p>\n<p>Astfel, pedeaspa de 3 ani \u015fi 8 luni \u00eenchisoare, pentru s\u0103v\u00e2r\u015firea infrac\u021biunii de purtare abuziv\u0103, a fost contopit\u0103 cu o amend\u0103 penal\u0103 de 2800 de lei stabilit\u0103 acum doi ani pentru s\u0103v\u00e2r\u0219irea infrac\u021biunii de furt \u0219i o alt\u0103 condamnate de 1 an \u0219i 2 luni de \u00eenchisoare cu suspendare pentru purtare abuziv\u0103.\u00a0<\/p>\n<p>Prin urmare, a rezultat pedeapsa final\u0103 de 4 ani \u015fi 20 zile de \u00eenchisoare (\u00een regim de deten\u021bie) \u015fi 2.800 lei amend\u0103 penal\u0103.<\/p>","protected":false},"excerpt":{"rendered":"<p>Conform anchetatorilor, la data de 1 aprilie 2022, la ora 22:26, a fost \u00eenregistrat un&hellip;<\/p>\n","protected":false},"author":0,"featured_media":34397,"comment_status":"open","ping_status":"open","sticky":false,"template":"","format":"standard","meta":{"footnotes":""},"categories":[2],"tags":[],"class_list":["post-34396","post","type-post","status-publish","format-standard","has-post-thumbnail","hentry","category-actual"],"_links":{"self":[{"href":"https:\/\/247stiri.ro\/index.php\/wp-json\/wp\/v2\/posts\/34396","targetHints":{"allow":["GET"]}}],"collection":[{"href":"https:\/\/247stiri.ro\/index.php\/wp-json\/wp\/v2\/posts"}],"about":[{"href":"https:\/\/247stiri.ro\/index.php\/wp-json\/wp\/v2\/types\/post"}],"replies":[{"embeddable":true,"href":"https:\/\/247stiri.ro\/index.php\/wp-json\/wp\/v2\/comments?post=34396"}],"version-history":[{"count":0,"href":"https:\/\/247stiri.ro\/index.php\/wp-json\/wp\/v2\/posts\/34396\/revisions"}],"wp:featuredmedia":[{"embeddable":true,"href":"https:\/\/247stiri.ro\/index.php\/wp-json\/wp\/v2\/media\/34397"}],"wp:attachment":[{"href":"https:\/\/247stiri.ro\/index.php\/wp-json\/wp\/v2\/media?parent=34396"}],"wp:term":[{"taxonomy":"category","embeddable":true,"href":"https:\/\/247stiri.ro\/index.php\/wp-json\/wp\/v2\/categories?post=34396"},{"taxonomy":"post_tag","embeddable":true,"href":"https:\/\/247stiri.ro\/index.php\/wp-json\/wp\/v2\/tags?post=34396"}],"curies":[{"name":"wp","href":"https:\/\/api.w.org\/{rel}","templated":true}]}}