{"id":34398,"date":"2025-02-24T11:44:56","date_gmt":"2025-02-24T11:44:56","guid":{"rendered":"https:\/\/247stiri.ro\/index.php\/2025\/02\/24\/lucian-romascanu-dupa-sedinta-psd-de-la-vila-lac-nu-exista-pozitie-contrara-sustinerii-candidaturii-lui-crin-antonescu-este-pe-locul-2-cu-potential-de-crestere\/"},"modified":"2025-02-24T11:44:56","modified_gmt":"2025-02-24T11:44:56","slug":"lucian-romascanu-dupa-sedinta-psd-de-la-vila-lac-nu-exista-pozitie-contrara-sustinerii-candidaturii-lui-crin-antonescu-este-pe-locul-2-cu-potential-de-crestere","status":"publish","type":"post","link":"https:\/\/247stiri.ro\/index.php\/2025\/02\/24\/lucian-romascanu-dupa-sedinta-psd-de-la-vila-lac-nu-exista-pozitie-contrara-sustinerii-candidaturii-lui-crin-antonescu-este-pe-locul-2-cu-potential-de-crestere\/","title":{"rendered":"Lucian Roma\u015fcanu, dup\u0103 \u0219edin\u021ba PSD de la Vila Lac: \u201dNu exist\u0103 pozi\u021bie contrar\u0103 sus\u0163inerii candidaturii lui Crin Antonescu. Este pe locul 2, cu poten\u0163ial de cre\u015ftere\u201d"},"content":{"rendered":"<p>Lucian Roma\u015fcanu a declarat c\u0103 \u00een \u015fedin\u0163a Consiliului Politic Na\u0163ional al Partidului Social-Democrat s-a discutat despre sus\u0163inerea candidaturii lui Crin Antonescu.<\/p>\n<p>\u201dNu au existat niciun fel de lu\u0103ri de pozi\u0163ii contrare acestei sus\u0163ineri a candidaturii domnului Crin Antonescu, urm\u00e2nd, \u00een orele care vin, s\u0103 \u00a0fie discu\u0163ii \u00eentre conducerea partidului \u015fi zone ale conducerilor Partidului Social-Democrat pentru a discuta detalii despre campanie electoral\u0103, precampanie, str\u00e2ngere de semn\u0103turi \u015fi a\u015fa mai departe, chestiuni organizatorice\u201d, a precizat Lucian Roma\u015fcanu.<\/p>\n<p>\u00centrebat c\u00e2nd va depune Crin Antonescu semn\u0103turile la Biroul Electoral Central, Roma\u015fcanu a precizat c\u0103 nu au o dat\u0103.<\/p>\n<p>\u201dVa \u00eencepe procesul de str\u00e2ngere de semn\u0103turi, dar cu certitudine, p\u00e2n\u0103 \u00een data legal\u0103 de depunere a semn\u0103turilor, la acest lucru se va \u00eent\u00e2mpla\u201d, a completat pre\u015fedintele CJ Buz\u0103u.<\/p>\n<p>Despre analiza pe sondaje, Lucian Roma\u015fcanu a precizat c\u0103 pentru Crin Antonescu nu a \u00eenceput efectiv o precampanie, \u00een timp ce C\u0103lin Georgescu se afl\u0103 deja \u00een precampanie.<\/p>\n<p>\u201dNu avem \u00eenc\u0103 ac\u0163iunile la nivelul la care le avem planificate. \u015ei cu toate acestea, domnul Crin Antonescu, \u00een toate sondajele pe care le-am v\u0103zut, este pe locul 2, cu poten\u0163ial de cre\u015ftere. Deci, cu certitudine, candidatul coali\u0163iei va ajunge \u00een finala preziden\u0163ial\u0103. \u015ei sunt convins, v\u0103z\u00e2nd \u015fi ceea ce se \u00eent\u00e2mpl\u0103 \u00een restul lumii, c\u0103 vom fi suficient de con\u015ftien\u0163i de ceea ce \u00eenseamn\u0103 continuarea drumului european al Rom\u00e2niei, astfel \u00eenc\u00e2t domnul Crin Antonescu s\u0103 ajung\u0103 pre\u015fedintele Rom\u00e2niei\u201d, a precizat Roma\u015fcanu.<\/p>","protected":false},"excerpt":{"rendered":"<p>Lucian Roma\u015fcanu a declarat c\u0103 \u00een \u015fedin\u0163a Consiliului Politic Na\u0163ional al Partidului Social-Democrat s-a discutat&hellip;<\/p>\n","protected":false},"author":0,"featured_media":34385,"comment_status":"open","ping_status":"open","sticky":false,"template":"","format":"standard","meta":{"footnotes":""},"categories":[2],"tags":[],"class_list":["post-34398","post","type-post","status-publish","format-standard","has-post-thumbnail","hentry","category-actual"],"_links":{"self":[{"href":"https:\/\/247stiri.ro\/index.php\/wp-json\/wp\/v2\/posts\/34398","targetHints":{"allow":["GET"]}}],"collection":[{"href":"https:\/\/247stiri.ro\/index.php\/wp-json\/wp\/v2\/posts"}],"about":[{"href":"https:\/\/247stiri.ro\/index.php\/wp-json\/wp\/v2\/types\/post"}],"replies":[{"embeddable":true,"href":"https:\/\/247stiri.ro\/index.php\/wp-json\/wp\/v2\/comments?post=34398"}],"version-history":[{"count":0,"href":"https:\/\/247stiri.ro\/index.php\/wp-json\/wp\/v2\/posts\/34398\/revisions"}],"wp:featuredmedia":[{"embeddable":true,"href":"https:\/\/247stiri.ro\/index.php\/wp-json\/wp\/v2\/media\/34385"}],"wp:attachment":[{"href":"https:\/\/247stiri.ro\/index.php\/wp-json\/wp\/v2\/media?parent=34398"}],"wp:term":[{"taxonomy":"category","embeddable":true,"href":"https:\/\/247stiri.ro\/index.php\/wp-json\/wp\/v2\/categories?post=34398"},{"taxonomy":"post_tag","embeddable":true,"href":"https:\/\/247stiri.ro\/index.php\/wp-json\/wp\/v2\/tags?post=34398"}],"curies":[{"name":"wp","href":"https:\/\/api.w.org\/{rel}","templated":true}]}}