{"id":34414,"date":"2025-02-24T12:45:24","date_gmt":"2025-02-24T12:45:24","guid":{"rendered":"https:\/\/247stiri.ro\/index.php\/2025\/02\/24\/cotar-i-a-transmis-premierului-principalele-probleme-ale-transportatorilor\/"},"modified":"2025-02-24T12:45:24","modified_gmt":"2025-02-24T12:45:24","slug":"cotar-i-a-transmis-premierului-principalele-probleme-ale-transportatorilor","status":"publish","type":"post","link":"https:\/\/247stiri.ro\/index.php\/2025\/02\/24\/cotar-i-a-transmis-premierului-principalele-probleme-ale-transportatorilor\/","title":{"rendered":"COTAR i-a transmis Premierului principalele probleme ale transportatorilor"},"content":{"rendered":"<p>Red\u0103m integral comunicatul COTAR:<\/p>\n<p>\u00cen cadrul acestei \u0219edin\u021be, pre\u0219edintele COTAR a f\u0103cut publice problemele actuale care trebuie aduse la cuno\u0219tin\u021ba autorit\u0103\u021bilor, inclusiv premierului Rom\u00e2niei. Exist\u0103 grave probleme \u00een pia\u021ba RCA, o pia\u021b\u0103 sc\u0103pat\u0103 complet de sub control. Pre\u021burile au crescut alarmant, inclusiv sub falsa plafonare a pre\u021bului RCA, unde ASF joac\u0103 rolul gardianului capturat de cei pe care ar fi trebuit s\u0103 \u00eei p\u0103zeasc\u0103.<\/p>\n<p>\u00a0<\/p>\n<p>Ne referim explicit la activitatea domnului Sorin Mititelu, vicepre\u0219edintele ASF, direct responsabil de sectorul de asigur\u0103ri \u0219i de situa\u021biile aberante din aceast\u0103 pia\u021b\u0103, unde pre\u021burile RCA s-au dublat chiar \u00een ultimul an, iar desp\u0103gubirile sunt achitate \u00een propor\u021bie de 25-40% de firmele de asigur\u0103ri. \u00cen tot acest timp, ASF nu a dat nicio explica\u021bie\u00a0 relevant\u0103 \u00een leg\u0103tur\u0103 cu aceast\u0103 situa\u021bie.<\/p>\n<p>\u00a0<\/p>\n<p>Pre\u0219edintele COTAR a discutat \u0219i despre modul abuziv \u00een care actuala conducere a ASF cerceteaz\u0103 disciplinar \u0219i chiar concediaz\u0103 pu\u021binii angaja\u021bii cu coloan\u0103 vertebral\u0103, care atrag aten\u021bia asupra gravelor nereguli din pia\u021ba de asigur\u0103ri. Unul dintre avertizorii de integritate a atras aten\u021bia asupra vicepre\u0219edintelui ASF Sorin Mititelu, care a intervenit mod brutal \u0219i repetat \u00een favoarea unei companii de asigur\u0103ri, astfel \u00eenc\u00e2t s\u0103 fie schimbate \u00eencadr\u0103rile din actele de control constatate de echipa de control a ASF. Asupra avertizorului de integritate Francesca Andreescu &#8211; cea care a f\u0103cut publice aceste informa\u021bii &#8211; conducerea ASF a \u00eenceput cercetarea disciplinar\u0103. Mar\u021bi, 25 februarie 2025, are loc prima \u0219edin\u021b\u0103 de cercetare disciplinar\u0103 a acestui avertizor de integritate. <\/p>\n<p>\u00a0<\/p>\n<p>Cel\u0103lat avertizor de integritate este C\u0103t\u0103lin Ionescu, actuar cu foarte mare experien\u021b\u0103, cel care a atras aten\u021bia conducerii ASF despre volatilizarea a 100 milioane de euro din conturile de pensii ale rom\u00e2nilor, a fost concediat acum o lun\u0103, de actuala conducere a ASF. Parlamentul Rom\u00e2niei a fost informat \u00een scris, de c\u00e2teva luni, de c\u0103tre ace\u0219ti avertizori de integritate, despre aceste grave nereguli din ASF, \u00eens\u0103 doar Comisia \u00eempotriva abuzurilor de la Senat a luat m\u0103suri concrete. Comisiile de buget finan\u021be, direct responsabile de modul de func\u021bionare a ASF &#8211; comisii care au \u0219i numit \u00een func\u021bie actuala conducere a ASF reclamat\u0103 de avertizorii de integritate &#8211; au refuzat audierea avertizorilor de integritate. <\/p>\n<p>\u00a0<\/p>\n<p>\u00a0\u201cParlamentarii rom\u00e2ni ar trebui s\u0103 devin\u0103 con\u0219tien\u021bi de faptul c\u0103 problemele din ASF sunt reale \u0219i foarte grave, iar \u00een scurt timp aceste situa\u021bii vor deveni o problem\u0103 na\u021bional\u0103. Prin pasivitatea lor, au devenit oficial complici cu conducerea ASF, demonstr\u00e2nd c\u0103 vegheaz\u0103 alte interese, nu pe cele ale cet\u0103\u021benilor rom\u00e2ni care i-au ales\u201d, a declarat Vasile \u0218tef\u0103nescu, pre\u0219edintele COTAR.<\/p>\n<p>\u00a0<\/p>\n<p>Pe l\u00e2ng\u0103 problemele grave din ASF \u0219i pia\u021ba de asigur\u0103ri RCA, COTAR a discutat, la \u00eent\u00e2lnirea de la Guvern, despre discriminarea transportatorilor privati de persoane, \u00een favoarea societ\u0103\u021bilor subordonate atat Prim\u0103riei Capitalei, c\u00e2t \u0219i a altor UAT-uri.<\/p>\n<p>\u00a0<\/p>\n<p>\u00a0Vorbim despre un monopol al transportului \u00een comun \u0219i blocarea de facto a accesului altor operatori la aceast\u0103 pia\u021b\u0103, restric\u021bion\u00e2nd \u00een mod abuziv libera concuren\u021b\u0103. Faptul c\u0103 autovehiculele de transport c\u0103l\u0103tori subordonate Primariilor au o vechime de peste 20 de ani, iar operatorilor de transport priva\u021bi li se solicit\u0103 utilizarea de autovehicule de maxim 12 ani este nedrept din perspectiva concuren\u021bei libere.<\/p>\n<p>\u00a0<\/p>\n<p>Bucure\u0219tenii ar trebui s\u0103 cunoasc\u0103 faptul ca ar putea beneficia de condi\u021bii de tarif mai avantajos \u0219i de condi\u021bii de transport mai competitive fa\u021b\u0103 de ceea ce primesc \u00een prezent, \u00eens\u0103 factorii decizionali nu pun pe primul loc interesul, confortul si siguranta cet\u0103\u021benilor, iar asta se simte at\u00e2t \u00een buzunarul cetatenilor, c\u00e2t \u0219i \u00een condi\u021biile de transport ale acestora. <\/p>\n<p>\u00a0<\/p>\n<p>O alt\u0103 problem\u0103 ridicat\u0103 de COTAR se refer\u0103 la discriminarea operatorilor de taxi, \u00een compara\u021bie cu operatorii de transport alternativ. <\/p>\n<p>\u00a0<\/p>\n<p>Criteriile aplicate celor dou\u0103 categorii de operatori sunt neunitare \u0219i creeaz\u0103, din nou, discrimin\u0103ri semnificative \u00eentre cele dou\u0103 categorii, iar \u00eentotdeauna discrimin\u0103rile afecteaz\u0103, \u00een final, consumatorii. Operatorii de taxi au o list\u0103 de obliga\u021bii stricte precum: ob\u021binerea licen\u021belor de taxi, plata taxelor \u0219i impozitelor, etc. Aceste criterii se aplic\u0103 doar operatorilor de taxi, nu \u0219i celor din transport alternativ\u00a0 (Uber, Bolt).<\/p>\n<p>\u00a0<\/p>\n<p>Frauda fiscal\u0103 f\u0103cut\u0103 de aceste societ\u0103\u021bi de transport alternativ sub obl\u0103duirea acestor platforme se ridic\u0103 la peste 100 de milioane ce euro anual, exempul fiind dat de ultimile dosare deschise de c\u0103tre ANAF si DNA.<\/p>\n<p>\u00a0<\/p>\n<p>Un exemplu concret de abera\u021bie \u00eel reprezint\u0103 diferen\u021ba de cost RCA pe care \u00eel achit\u0103 un taximetrist, \u00een compara\u021bie cu un operator de transport alternativ\u00a0 (Bolt, Uber). \u00cen mod anormal, \u00een stilul ASF, pre\u021bul RCA pe care \u00eel achit\u0103 un taximetrist este DUBLU fa\u021b\u0103 de pre\u021bul achitat de un operator de transport alternativ, \u00een condi\u021biile desf\u0103\u0219ur\u0103rii acelora\u0219i activit\u0103\u021bi, pe acelea\u0219i str\u0103zi ale ora\u0219elor.<\/p>\n<p>\u00a0<\/p>\n<p>\u201eDomnule Sorin Mititelu, vicepre\u0219edinte ASF, vede\u021bi c\u0103 pia\u021ba aia pe care \u00een mod fals sus\u021bine\u021bi c\u0103 o supraveghea\u021bi ne calculeaz\u0103 un tarif dublu la RCA, taximetri\u0219tii av\u00e2nd acela\u0219i profil de risc ca al operatorilor de transport alternativ! V\u0103 reamintesc faptul c\u0103 ave\u021bi obliga\u021bia protej\u0103rii intereselor consumatorilor de asigur\u0103ri \u0219i nu a firmelor de asigur\u0103ri care v\u0103 achit\u0103 salariul de 14.000 de euro pe lun\u0103!\u201d &#8211; a precizat Vasile \u0218tef\u0103nescu.<\/p>\n<p>\u00a0<\/p>\n<p>O alt\u0103 problem\u0103 adus\u0103 la cuno\u0219tin\u021ba premierului este cea legat\u0103 de impozitarea unor venituri secundare (ocazionale) ale transportatorilor. Ace\u0219tia au, ocazional, surplusul de combustibil achizi\u021bionat c\u0103tre subcontractori, \u00eens\u0103 sunt obliga\u021bi la plata unor impozite specific, ca \u0219i cum aceast\u0103 activitate secundar\u0103 \u0219i ocazional\u0103 ar reprezenta activitatea principal\u0103 a transportatorului. Astfel, acest tip de impozit este aplicat \u00eentregii cifre de afaceri a transportatorului, \u00een condi\u021biile \u00een care activitatea principal\u0103 desf\u0103\u0219urat\u0103 este cea de transport \u0219i nu cea de distribu\u021bie de carburan\u021bi.<\/p>\n<p>\u00a0<\/p>\n<p>Din cauza modului defectuos de redactare a Codului Fiscal, aceste activit\u0103\u021bi comerciale ocazionale desf\u0103\u0219urate de c\u0103tre transportatori sunt \u00eencadrate gre\u0219it, ca fiind activit\u0103\u021bi principale ale acestora, iar impozitul pentru v\u00e2nzarea ocazional\u0103 de carburan\u021bi este raportat la \u00eentreaga activitate desf\u0103\u0219urat\u0103, \u00een condi\u021biile \u00een care activitatea principal\u0103 a transportului este cea de transport.<\/p>\n<p>\u00a0<\/p>\n<p>Practic, Statul Rom\u00e2n pune semnul egal \u00eentre o activitate desf\u0103\u0219urat\u0103 absolut ocazional de un transportator cu activitatea de distribu\u021bie carburan\u021bi desf\u0103\u0219urat\u0103 de Petrom sau Rompetrol \u00een Rom\u00e2nia. Este absolut aberant \u0219i trebuie corectat\u0103 rapid aceast\u0103 gre\u0219eal\u0103.<\/p>\n<p>\u00a0<\/p>\n<p>Toate aceste situatii sunt cunoscute, \u00eencep\u00e2nd de vineri, \u0219i de c\u0103tre prim-ministrul Rom\u00e2niei, domnul Marcel Ciolacu.<\/p>\n<p>\u00a0<\/p>","protected":false},"excerpt":{"rendered":"<p>Red\u0103m integral comunicatul COTAR: \u00cen cadrul acestei \u0219edin\u021be, pre\u0219edintele COTAR a f\u0103cut publice problemele actuale&hellip;<\/p>\n","protected":false},"author":0,"featured_media":34415,"comment_status":"open","ping_status":"open","sticky":false,"template":"","format":"standard","meta":{"footnotes":""},"categories":[2],"tags":[],"class_list":["post-34414","post","type-post","status-publish","format-standard","has-post-thumbnail","hentry","category-actual"],"_links":{"self":[{"href":"https:\/\/247stiri.ro\/index.php\/wp-json\/wp\/v2\/posts\/34414","targetHints":{"allow":["GET"]}}],"collection":[{"href":"https:\/\/247stiri.ro\/index.php\/wp-json\/wp\/v2\/posts"}],"about":[{"href":"https:\/\/247stiri.ro\/index.php\/wp-json\/wp\/v2\/types\/post"}],"replies":[{"embeddable":true,"href":"https:\/\/247stiri.ro\/index.php\/wp-json\/wp\/v2\/comments?post=34414"}],"version-history":[{"count":0,"href":"https:\/\/247stiri.ro\/index.php\/wp-json\/wp\/v2\/posts\/34414\/revisions"}],"wp:featuredmedia":[{"embeddable":true,"href":"https:\/\/247stiri.ro\/index.php\/wp-json\/wp\/v2\/media\/34415"}],"wp:attachment":[{"href":"https:\/\/247stiri.ro\/index.php\/wp-json\/wp\/v2\/media?parent=34414"}],"wp:term":[{"taxonomy":"category","embeddable":true,"href":"https:\/\/247stiri.ro\/index.php\/wp-json\/wp\/v2\/categories?post=34414"},{"taxonomy":"post_tag","embeddable":true,"href":"https:\/\/247stiri.ro\/index.php\/wp-json\/wp\/v2\/tags?post=34414"}],"curies":[{"name":"wp","href":"https:\/\/api.w.org\/{rel}","templated":true}]}}