{"id":34417,"date":"2025-02-24T12:45:25","date_gmt":"2025-02-24T12:45:25","guid":{"rendered":"https:\/\/247stiri.ro\/index.php\/2025\/02\/24\/llie-bolojan-la-summitul-de-la-kiev-ucraina-si-uniunea-europeana-trebuie-sa-fie-implicate-in-toate-negocierile-de-pace\/"},"modified":"2025-02-24T12:45:25","modified_gmt":"2025-02-24T12:45:25","slug":"llie-bolojan-la-summitul-de-la-kiev-ucraina-si-uniunea-europeana-trebuie-sa-fie-implicate-in-toate-negocierile-de-pace","status":"publish","type":"post","link":"https:\/\/247stiri.ro\/index.php\/2025\/02\/24\/llie-bolojan-la-summitul-de-la-kiev-ucraina-si-uniunea-europeana-trebuie-sa-fie-implicate-in-toate-negocierile-de-pace\/","title":{"rendered":"llie Bolojan, la summitul de la Kiev: \u201dUcraina \u0219i Uniunea European\u0103 trebuie s\u0103 fie implicate \u00een toate negocierile de pace\u201d"},"content":{"rendered":"<p>Ilie Bolojan a afirmat c\u0103 securitatea Ucrainei este esen\u021bial\u0103 at\u00e2t pentru Rom\u00e2nia, c\u00e2t \u0219i pentru \u00eentregul continent european, \u0219i de aceea toate statele membre UE trebuie s\u0103 continue s\u0103 sprijine Kievul \u00een etapele ce vor urma \u00een procesul de pace \u0219i cel de reconstruc\u021bie.<\/p>\n<p>\u201dSe \u00eemplinesc ast\u0103zi trei ani de la lansarea invaziei Rusiei \u00eempotriva Ucrainei \u0219i, \u00een cur\u00e2nd, se vor \u00eemplini 11 ani de c\u00e2nd Ucraina \u00ee\u0219i ap\u0103r\u0103 \u00een mod curajos libertatea, independen\u021ba \u0219i teritoriul. Unsprezece ani de c\u00e2nd curajosul popor ucrainean lupt\u0103 cu eroism \u0219i sacrificii enorme \u00eempotriva agresiunii ruse.<\/p>\n<p>Securitatea Ucrainei este esen\u021bial\u0103 at\u00e2t pentru Rom\u00e2nia, c\u00e2t \u0219i pentru \u00eentregul continent european. \u00cen aceste momente de cump\u0103n\u0103, \u00een care se discut\u0103 despre eforturile de pace, trebuie s\u0103 continu\u0103m sprijinul pentru Ucraina, nu numai acum, ci \u0219i \u00een etapele care vor urma \u00een procesul de pace \u0219i cel de reconstruc\u021bie.<\/p>\n<p>Va fi un drum complicat, dar Rom\u00e2nia a fost de la \u00eenceput al\u0103turi de Ucraina, am sus\u021binut-o \u0219i o vom face \u0219i \u00een viitor.<\/p>\n<p>Milioane de refugia\u021bi ucraineni au fugit din calea r\u0103zboiului. Rom\u00e2nii i-au primit cu bra\u021bele deschise, iar mul\u021bi dintre ei au ales s\u0103 r\u0103m\u00e2n\u0103 \u00een \u021bara noastr\u0103, unde au beneficiat de sprijin pentru integrare, p\u0103rin\u021bii \u0219i-au putut g\u0103si locuri de munc\u0103, iar copiii au fost \u0219colariza\u021bi.<\/p>\n<p>Rom\u00e2nia este un hub de transport \u0219i are un rol crucial \u00een facilitarea exporturilor de cereale din Ucraina prin porturile noastre de pe Dun\u0103re \u0219i de la Marea Neagr\u0103, sus\u021bin\u00e2nd, astfel, economia Ucrainei.\u00a0<\/p>\n<p>Este \u00een interesul fundamental al Rom\u00e2niei \u0219i al tuturor europenilor s\u0103 \u00eemp\u0103rt\u0103\u0219im obiectivul, care este \u0219i cel al SUA, de a pune cap\u0103t acestui r\u0103zboi, care dureaz\u0103 de prea mult timp \u0219i a distrus prea multe vie\u021bi\u201d, a declarat Ilie Bolojan, \u00een fa\u021ba liderilor UE \u0219i NATO.\u00a0<\/p>\n<p>De asemena, pre\u0219edintele intermar a \u021binut s\u0103 precizeze faptul c\u0103 la negocierile de pace cu Rusia, al\u0103turi de SUA trebuie s\u0103 participe \u0219i Ucraina, dar \u0219i Uniunea European\u0103.\u00a0<\/p>\n<p>\u201dEste foarte important ca Ucraina \u0219i Uniunea European\u0103 s\u0103 fie implicate \u00een toate negocierile de pace, al\u0103turi de partenerii americani \u0219i de ceilal\u021bi alia\u021bi. Rom\u00e2nia este preg\u0103tit\u0103 s\u0103 se coordoneze cu to\u021bi partenerii &#8211; europeni, americani \u0219i alia\u021bi &#8211; pentru a contribui la g\u0103sirea c\u00e2t mai rapid\u0103 a c\u0103ii c\u0103tre o pace just\u0103 \u0219i durabil\u0103.<\/p>\n<p>Este evident c\u0103 trebuie s\u0103 cre\u0219tem investi\u021biile \u00een sectorul ap\u0103r\u0103rii pentru a ne consolida securitatea, printr-o postur\u0103 adecvat\u0103 de ap\u0103rare \u0219i descurajare.<\/p>\n<p>Solidaritatea prietenilor Ucrainei r\u0103m\u00e2ne esen\u021bial\u0103, iar sprijinul nostru, al tuturor, conteaz\u0103 acum, c\u00e2nd unitatea noastr\u0103 este pus\u0103 la \u00eencercare \u0219i c\u00e2nd este \u00een joc soarta p\u0103cii.<\/p>\n<p>Succesul acestor eforturi va fi demonstrat numai atunci c\u00e2nd Ucraina va redeveni stabil\u0103 \u0219i prosper\u0103, beneficiar\u0103 a unui aranjament cu garan\u021bii solide de securitate \u0219i ancorat\u0103 pe calea european\u0103\u201d, a mai spus Ilie Bolojan.<\/p>","protected":false},"excerpt":{"rendered":"<p>Ilie Bolojan a afirmat c\u0103 securitatea Ucrainei este esen\u021bial\u0103 at\u00e2t pentru Rom\u00e2nia, c\u00e2t \u0219i pentru&hellip;<\/p>\n","protected":false},"author":0,"featured_media":34411,"comment_status":"open","ping_status":"open","sticky":false,"template":"","format":"standard","meta":{"footnotes":""},"categories":[2],"tags":[],"class_list":["post-34417","post","type-post","status-publish","format-standard","has-post-thumbnail","hentry","category-actual"],"_links":{"self":[{"href":"https:\/\/247stiri.ro\/index.php\/wp-json\/wp\/v2\/posts\/34417","targetHints":{"allow":["GET"]}}],"collection":[{"href":"https:\/\/247stiri.ro\/index.php\/wp-json\/wp\/v2\/posts"}],"about":[{"href":"https:\/\/247stiri.ro\/index.php\/wp-json\/wp\/v2\/types\/post"}],"replies":[{"embeddable":true,"href":"https:\/\/247stiri.ro\/index.php\/wp-json\/wp\/v2\/comments?post=34417"}],"version-history":[{"count":0,"href":"https:\/\/247stiri.ro\/index.php\/wp-json\/wp\/v2\/posts\/34417\/revisions"}],"wp:featuredmedia":[{"embeddable":true,"href":"https:\/\/247stiri.ro\/index.php\/wp-json\/wp\/v2\/media\/34411"}],"wp:attachment":[{"href":"https:\/\/247stiri.ro\/index.php\/wp-json\/wp\/v2\/media?parent=34417"}],"wp:term":[{"taxonomy":"category","embeddable":true,"href":"https:\/\/247stiri.ro\/index.php\/wp-json\/wp\/v2\/categories?post=34417"},{"taxonomy":"post_tag","embeddable":true,"href":"https:\/\/247stiri.ro\/index.php\/wp-json\/wp\/v2\/tags?post=34417"}],"curies":[{"name":"wp","href":"https:\/\/api.w.org\/{rel}","templated":true}]}}