{"id":34430,"date":"2025-02-24T13:48:11","date_gmt":"2025-02-24T13:48:11","guid":{"rendered":"https:\/\/247stiri.ro\/index.php\/2025\/02\/24\/avertismentul-expertilor-militari-europa-s-a-putea-confrunta-cu-o-criza-a-armelor-pana-la-jumatatea-anului\/"},"modified":"2025-02-24T13:48:11","modified_gmt":"2025-02-24T13:48:11","slug":"avertismentul-expertilor-militari-europa-s-a-putea-confrunta-cu-o-criza-a-armelor-pana-la-jumatatea-anului","status":"publish","type":"post","link":"https:\/\/247stiri.ro\/index.php\/2025\/02\/24\/avertismentul-expertilor-militari-europa-s-a-putea-confrunta-cu-o-criza-a-armelor-pana-la-jumatatea-anului\/","title":{"rendered":"Avertismentul exper\u021bilor militari. Europa s-a putea confrunta cu o criz\u0103 a armelor, p\u00e2n\u0103 la jum\u0103tatea anului"},"content":{"rendered":"<p>Europa se confrunt\u0103 cu \u201ecriza real\u0103 a armelor\u201d, iar v\u00e2rful acesteia ar putea s\u0103 fie p\u00e2n\u0103 \u00een luna iunie, sus\u021bine analistul militar Michael Clarke la Sky News. El a analizat proviziile de arme ale Ucrainei \u0219i a tras concluzia c\u0103 \u00eenc\u0103 nu se simte criza deoarece fostul pre\u0219edinte american Joe Biden a aprobat un pachet uria\u0219 de 62 de miliarde de dolari \u00eenainte de a p\u0103r\u0103si Casa Alb\u0103.<\/p>\n<p>Echipamentele americane ar putea fi \u00eenlocuite cu cele europene, dar problema este c\u0103 \u021b\u0103rile din Europa nu au stocuri prea mari, avertizeaz\u0103 expertul.<\/p>\n<p>\u201ePentru a men\u021bine aceast\u0103 aprovizionare \u00een mi\u0219care, europenii ar trebui s\u0103-\u0219i reduc\u0103 propriile stocuri, stocurile de care cred c\u0103 au nevoie pentru propria lor ap\u0103rare\u201d, a transmis expertul.<\/p>\n<p>Michael Clarke a mai spus c\u0103 industria european\u0103 nu s-a preg\u0103tit pentru acest scenariu.<\/p>\n<p>\u201eExist\u0103 o problem\u0103 real\u0103, pentru c\u0103 industria european\u0103 pur \u0219i simplu nu s-a preg\u0103tit c\u00e2nd mul\u021bi dintre noi am spus c\u0103 ar trebui. \u0218i iat\u0103-i, dup\u0103 trei ani, cu o adev\u0103rat\u0103 criz\u0103 a armelor \u00een fa\u021b\u0103\u201d, a explicat Clarke.<\/p>\n<p>Europa abordeaz\u0103 aceast\u0103 problem\u0103, dar este un proces care \u201ese deruleaz\u0103 prea \u00eencet\u201d, ceea ce \u00eenseamn\u0103 c\u0103 va afecta stocurile de arme ucrainene p\u00e2n\u0103 \u00een aprilie, mai sau poate p\u00e2n\u0103 \u00een iunie, a precizat Michael Clarke.<\/p>","protected":false},"excerpt":{"rendered":"<p>Europa se confrunt\u0103 cu \u201ecriza real\u0103 a armelor\u201d, iar v\u00e2rful acesteia ar putea s\u0103 fie&hellip;<\/p>\n","protected":false},"author":0,"featured_media":34427,"comment_status":"open","ping_status":"open","sticky":false,"template":"","format":"standard","meta":{"footnotes":""},"categories":[2],"tags":[],"class_list":["post-34430","post","type-post","status-publish","format-standard","has-post-thumbnail","hentry","category-actual"],"_links":{"self":[{"href":"https:\/\/247stiri.ro\/index.php\/wp-json\/wp\/v2\/posts\/34430","targetHints":{"allow":["GET"]}}],"collection":[{"href":"https:\/\/247stiri.ro\/index.php\/wp-json\/wp\/v2\/posts"}],"about":[{"href":"https:\/\/247stiri.ro\/index.php\/wp-json\/wp\/v2\/types\/post"}],"replies":[{"embeddable":true,"href":"https:\/\/247stiri.ro\/index.php\/wp-json\/wp\/v2\/comments?post=34430"}],"version-history":[{"count":0,"href":"https:\/\/247stiri.ro\/index.php\/wp-json\/wp\/v2\/posts\/34430\/revisions"}],"wp:featuredmedia":[{"embeddable":true,"href":"https:\/\/247stiri.ro\/index.php\/wp-json\/wp\/v2\/media\/34427"}],"wp:attachment":[{"href":"https:\/\/247stiri.ro\/index.php\/wp-json\/wp\/v2\/media?parent=34430"}],"wp:term":[{"taxonomy":"category","embeddable":true,"href":"https:\/\/247stiri.ro\/index.php\/wp-json\/wp\/v2\/categories?post=34430"},{"taxonomy":"post_tag","embeddable":true,"href":"https:\/\/247stiri.ro\/index.php\/wp-json\/wp\/v2\/tags?post=34430"}],"curies":[{"name":"wp","href":"https:\/\/api.w.org\/{rel}","templated":true}]}}