{"id":34434,"date":"2025-02-24T13:48:12","date_gmt":"2025-02-24T13:48:12","guid":{"rendered":"https:\/\/247stiri.ro\/index.php\/2025\/02\/24\/bolid-de-lux-incendiat-din-razbunare-cu-cocktailuri-molotov-la-cluj-8-persoane-la-un-pas-de-moarte\/"},"modified":"2025-02-24T13:48:12","modified_gmt":"2025-02-24T13:48:12","slug":"bolid-de-lux-incendiat-din-razbunare-cu-cocktailuri-molotov-la-cluj-8-persoane-la-un-pas-de-moarte","status":"publish","type":"post","link":"https:\/\/247stiri.ro\/index.php\/2025\/02\/24\/bolid-de-lux-incendiat-din-razbunare-cu-cocktailuri-molotov-la-cluj-8-persoane-la-un-pas-de-moarte\/","title":{"rendered":"Bolid de lux, incendiat din r\u0103zbunare cu cocktailuri Molotov, la Cluj! 8 persoane, la un pas de moarte"},"content":{"rendered":"<p>Judec\u0103torii de la Curtea de Apel Cluj au dispus vineri, 21 februarie, condamnarea a doi dintre ei la c\u00e2te 2 ani de \u00eenchisoare pentru distrugere, iar \u00een cazul celui de-al treilea b\u0103rbat a fost aplicat\u0103 o pedeaps\u0103 de 1 an \u0219i 4 luni de \u00eenchisoare.\u00a0Cei trei sunt acuza\u021bi c\u0103, \u00een urma unui conflict mai vechi, \u00een noaptea de 9 aprilie 2024 au hot\u0103r\u00e2t s\u0103 incendieze bolidul de lux al rivalului lor cu cocktailuri Molotov, potrivit \u0218tiri de Cluj.\u00a0<\/p>\n<p>Conform documentelor cuprinse la dosar, poli\u021bi\u0219tii s-au sesizat din oficiu cu privire la faptul c\u0103 \u00een noaptea din data de 8 spre 9 aprilie, \u00een jurul orelor 02:35, autori necunoscu\u021bi au p\u0103truns f\u0103r\u0103 drept \u00een curtea unui imobil din localitate, unde au incendiat un autoturism Mercedes-Benz model GLE precum \u0219i o canapea situat\u0103 la intrarea \u00een cas\u0103, cauz\u00e2nd un prejudiciu de aproximativ 40.000 de euro.<\/p>\n<p>Totodat\u0103, la fa\u021ba locului, l\u00e2ng\u0103 autoturismul \u0219i canapeaua incendiate, poli\u021bi\u0219tii au identificat buc\u0103\u021bi de sticl\u0103 sub form\u0103 de cioburi, de culoare verde.\u00a0<\/p>\n<p>\u00cen urma cercet\u0103rilor, s-a stabilit c\u0103 autorii incendiului sunt din municipiul C\u00e2mpia Turzii \u0219i s-au deplasat p\u00e2n\u0103 \u00een Huedin cu un taxi.\u00a0<\/p>\n<p>Fiind audiat \u00een cauz\u0103, taximetristul care i-a transportat pe cei trei b\u0103rba\u021bi a relatat c\u0103 a fost contactat telefonic \u00a0de o persoan\u0103 pe care o cunoa\u0219te pentru a face o curs\u0103 din C\u00e2mpia Turzii p\u00e2n\u0103 \u00een ora\u0219ul Huedin, cursa urm\u00e2nd a avea loc \u00een jurul orelor 02:00 la data de 9 aprilie 2024.<\/p>\n<p>Dup\u0103 ce au ajuns \u00een Huedin, taximetristul sus\u021bine c\u0103 unul dintre indivizi l-a sunat prin videoconferin\u021b\u0103 pe un b\u0103rbat de etnie rrom\u0103 cu barb\u0103 alb\u0103, care i-ar fi dat indica\u021bii despre locul \u00een care se afl\u0103 locuin\u021ba persoanei v\u0103t\u0103mate. \u0218oferul a relatat c\u0103 au oprit \u00een apropierea casei respective, iar din ma\u0219in\u0103 au cobor\u00e2t numai doi dintre b\u0103rba\u021bi, \u00een timp ce al treilea a r\u0103mas \u00een autoturism \u0219i filma cu telefonul mobil ce f\u0103ceau ceilal\u021bi doi.<\/p>\n<p>Taximetristul a v\u0103zut cum cei doi au aruncat sticle care au provocat un incendiu \u00een curtea unde se afla autoturismul, iar dup\u0103 aceea au fugit \u0219i au intrat din nou \u00een autoturism. Ace\u0219tia au plecat \u00eempreun\u0103 spre C\u00e2mpia Turzii.<\/p>\n<p>Anchetatorii au descoperit c\u0103 scandalul dintre persoana v\u0103t\u0103mat\u0103 \u0219i ceilal\u021bi b\u0103rba\u021bi era unul vechi. Unul dintre b\u0103rba\u021bii acuza\u021bi de distrugerea ma\u0219inii postase pe re\u021beaua de socializare \u201eFacebook\u201d o filmare \u00een care, printre altele, i-a transmis persoanei v\u0103t\u0103mate urm\u0103torul mesaj: \u201eAcesta este doar \u00eenceputul, s\u0103 v\u0103 a\u0219tepta\u021bi \u0219i la altele mai rele\u201d.\u00a0<\/p>\n<p>Conform judec\u0103torilor, la momentul comiterii faptei, \u00een casele respective dormeau opt persoane.\u00a0<\/p>\n<p>\u201eDatorit\u0103 faptului c\u0103 a auzit un zgomot, martorul s-a trezit, a v\u0103zut o lumin\u0103 \u015fi de aceea s-a dus spre geamul dinspre curte, observ\u00e2nd ma\u015fina vecinilor s\u0103i marca Mercedes de culoare vi\u015finie arz\u00e2nd. Martorul s-a dus la casa vecinilor s\u0103i ca s\u0103 \u00eei trezeasc\u0103 \u015fi a apelat 112, motiv pentru care \u00een c\u00e2teva minute au ajuns echipajele de pompieri \u015fi cele de poli\u0163ie. A\u015fadar, inculpa\u0163ii au sus\u0163inut un veritabil asalt asupra bunurilor persoanei v\u0103t\u0103mate, ignor\u00e2nd cu des\u0103v\u00e2r\u015fire c\u0103, t\u00e2rziu \u00een noapte, incendiaz\u0103 un autoturism\u00a0 (gener\u00e2nd astfel \u015fi un real pericol de explozie al combustibilului din autoturismul respectiv) \u015fi piese de mobilier din curtea unor imobile \u00een care se aflau mai multe persoane, care ar fi putut fi r\u0103nite grav din cauza incendiului provocat de inculpa\u0163i, aspecte ce nu pot fi ignorate de c\u0103tre instan\u0163\u0103, chiar dac\u0103 persoana v\u0103t\u0103mat\u0103 a renun\u0163at la preten\u0163iile sale de natur\u0103 civil\u0103. Altfel spus, indiferent de atitudinea procesual\u0103 a persoanei v\u0103t\u0103mate, fapta inculpa\u0163ilor este foarte grav\u0103\u201d, au re\u021binut judec\u0103torii clujeni, conform sursei citate.\u00a0<\/p>","protected":false},"excerpt":{"rendered":"<p>Judec\u0103torii de la Curtea de Apel Cluj au dispus vineri, 21 februarie, condamnarea a doi&hellip;<\/p>\n","protected":false},"author":0,"featured_media":34435,"comment_status":"open","ping_status":"open","sticky":false,"template":"","format":"standard","meta":{"footnotes":""},"categories":[2],"tags":[],"class_list":["post-34434","post","type-post","status-publish","format-standard","has-post-thumbnail","hentry","category-actual"],"_links":{"self":[{"href":"https:\/\/247stiri.ro\/index.php\/wp-json\/wp\/v2\/posts\/34434","targetHints":{"allow":["GET"]}}],"collection":[{"href":"https:\/\/247stiri.ro\/index.php\/wp-json\/wp\/v2\/posts"}],"about":[{"href":"https:\/\/247stiri.ro\/index.php\/wp-json\/wp\/v2\/types\/post"}],"replies":[{"embeddable":true,"href":"https:\/\/247stiri.ro\/index.php\/wp-json\/wp\/v2\/comments?post=34434"}],"version-history":[{"count":0,"href":"https:\/\/247stiri.ro\/index.php\/wp-json\/wp\/v2\/posts\/34434\/revisions"}],"wp:featuredmedia":[{"embeddable":true,"href":"https:\/\/247stiri.ro\/index.php\/wp-json\/wp\/v2\/media\/34435"}],"wp:attachment":[{"href":"https:\/\/247stiri.ro\/index.php\/wp-json\/wp\/v2\/media?parent=34434"}],"wp:term":[{"taxonomy":"category","embeddable":true,"href":"https:\/\/247stiri.ro\/index.php\/wp-json\/wp\/v2\/categories?post=34434"},{"taxonomy":"post_tag","embeddable":true,"href":"https:\/\/247stiri.ro\/index.php\/wp-json\/wp\/v2\/tags?post=34434"}],"curies":[{"name":"wp","href":"https:\/\/api.w.org\/{rel}","templated":true}]}}