{"id":34447,"date":"2025-02-24T14:46:02","date_gmt":"2025-02-24T14:46:02","guid":{"rendered":"https:\/\/247stiri.ro\/index.php\/2025\/02\/24\/seful-bursei-de-valori-bucuresti-despre-reconstructia-ucrainei-toata-lumea-se-intreaba-de-unde-vor-veni-cele-500-de-miliarde\/"},"modified":"2025-02-24T14:46:02","modified_gmt":"2025-02-24T14:46:02","slug":"seful-bursei-de-valori-bucuresti-despre-reconstructia-ucrainei-toata-lumea-se-intreaba-de-unde-vor-veni-cele-500-de-miliarde","status":"publish","type":"post","link":"https:\/\/247stiri.ro\/index.php\/2025\/02\/24\/seful-bursei-de-valori-bucuresti-despre-reconstructia-ucrainei-toata-lumea-se-intreaba-de-unde-vor-veni-cele-500-de-miliarde\/","title":{"rendered":"\u0218eful Bursei de Valori Bucure\u0219ti, despre reconstruc\u021bia Ucrainei: \u201eToat\u0103 lumea se \u00eentreab\u0103 de unde vor veni cele 500 de miliarde\u201d"},"content":{"rendered":"<p>&#8216;Cred c\u0103 una dintre oportunit\u0103\u021bile mari este reconstruc\u021bia Ucrainei. Toat\u0103 lumea se \u00eentreab\u0103 de unde vor veni cele 500 de miliarde, \u0219i cred c\u0103 probabil c\u0103 cele 500 de miliarde vor veni tot din Europa, la cum arat\u0103 acum situa\u021bia. Cred c\u0103 \u00eenainte de a ne g\u00e2ndi la beneficii va trebui s\u0103 ne g\u00e2ndim c\u0103 vom avea \u0219i noi o cot\u0103 de contribu\u021bie la sumele care se vor cheltui acolo pentru reconstruc\u021bie. Probabil c\u0103 una dintre cele mai mari oportunit\u0103\u021bi pentru noi, merg\u00e2nd \u00eenainte, este s\u0103 tr\u0103im \u00eentr-o zon\u0103 mai lini\u0219tit\u0103 \u0219i asta ar \u00eensemna, sigur, ca lucrurile s\u0103 se calmeze din punct de vedere al conflictului din Ucraina \u0219i s\u0103 tr\u0103im \u00eentr-o zon\u0103 \u00een care s\u0103 existe oportunit\u0103\u021bi de cre\u0219tere&#8217;, a spus Radu Hanga, la conferin\u021ba &#8216;Forumul investitorilor &#8211; 2025: Provoc\u0103rile \u0219i oportunit\u0103\u021bile anului&#8217;.\u00centrebat despre evolu\u021bia pie\u021bei de capital \u00een 2025, el crede c\u0103 este posibil s\u0103 vedem volatilitate \u0219i continuarea tendin\u021bei din ultimii ani, de &#8216;focus pe pia\u021ba local\u0103&#8217;. De altfel, potrivit pre\u0219edintelui BVB, cre\u0219terea contribu\u021biei investitorilor de retail la burs\u0103 este unul dintre cele mai bune lucruri care s-au \u00eent\u00e2mplat \u00een ultimii ani.<\/p>\n<p><a title=\"Ursula von der Leyer vine in ajutorul Ucrainei cu munitie, bani si securitate energetica\" href=\"https:\/\/www.realitatea.net\/stiri\/actual\/ursula-von-der-leyer-vine-in-ajutorul-ucrainei-cu-munitie-bani-si-securitate-energetica_67bc5b8b80761c56f86f1dc3\">Ursula von der Leyer vine \u00een ajutorul Ucrainei cu muni\u021bie, bani \u0219i securitate energetic\u0103<\/a>&#8216;Unul dintre cele mai bune lucruri pe care le vedem \u00eent\u00e2mpl\u00e2ndu-se \u00een ultimii ani este cre\u0219terea contribu\u021biei investitorilor de retail, investitorilor locali la burs\u0103. Eu cred c\u0103 acesta va fi trendul dominant, adic\u0103 cred c\u0103 lumea care se profileaz\u0103 \u00een continuare este o lume care va deveni tot mai pu\u021bin global\u0103. \u00c3sta deja este un trend pe care \u00eel vedem de ceva vreme. O lume tot mai pu\u021bin global\u0103, o lume \u00een care lan\u021burile de aprovizionare vedem c\u0103 sunt rupte. Probabil c\u0103 va fi caracterizat\u0103 \u0219i de rupturi \u00een zona circula\u021biei fluxurilor de capital. Probabil capitalul nu se va mai mi\u0219ca at\u00e2t de liber cum am fost obi\u0219nui\u021bi. Asta \u00eenseamn\u0103 c\u0103 dependen\u021ba de capitalul local va cre\u0219te. O s\u0103 depindem \u0219i noi \u0219i statul rom\u00e2n mult mai mult de finan\u021barea de pe pia\u021ba local\u0103. \u0218i a\u0219 spune la burs\u0103, uit\u00e2ndu-m\u0103, trebuie s\u0103 continu\u0103m efortul de a cre\u0219te vizibilitatea \u0219i de a cre\u0219te participarea rom\u00e2nilor la pia\u021b\u0103. \u0218i iar\u0103\u0219i dac\u0103 m-a\u0219 uita la aspectul pozitiv al unei lumi mai fragmentate este faptul c\u0103, probabil, vizibilitatea \u0219i importan\u021ba companiilor locale va cre\u0219te. \u0218i noi, ca \u0219i burs\u0103, dorim s\u0103 ne pozi\u021bion\u0103m aici ca factor de suport, ca o platform\u0103 care sus\u021bine dezvoltarea companiilor locale. \u0218i c\u00e2nd vorbesc despre dezvoltare vorbesc despre mai mult dec\u00e2t doar acces la capital. Adic\u0103 eu cred c\u0103 bursa este dincolo de o platform\u0103 care faciliteaz\u0103 accesul la capital, este o platform\u0103 care asigur\u0103 vizibilitate companiilor care se urc\u0103 pe scena bursei. \u0218i cred c\u0103 dac\u0103 \u0219tim s\u0103 fim suficient de inteligen\u021bi \u00eenc\u00e2t s\u0103 valorific\u0103m atuul acesta, o s\u0103 avem doar de c\u00e2\u0219tigat&#8217;, a declarat Radu Hanga.\u00a0<\/p>\n<p><a title='llie Bolojan, la summitul de la Kiev: \"Ucraina si Uniunea Europeana trebuie sa fie implicate in toate negocierile de pace\"' href=\"https:\/\/www.realitatea.net\/stiri\/actual\/llie-bolojan-la-summitul-de-la-kiev-ucraina-si-uniunea-europeana-sa-fie-implicate-in-toate-negocierile-de-pace_67bc5d8b74636959cc2fb992\">llie Bolojan, la summitul de la Kiev: \u201dUcraina \u0219i Uniunea European\u0103 trebuie s\u0103 fie implicate \u00een toate negocierile de pace\u201d<\/a><\/p>","protected":false},"excerpt":{"rendered":"<p>&#8216;Cred c\u0103 una dintre oportunit\u0103\u021bile mari este reconstruc\u021bia Ucrainei. Toat\u0103 lumea se \u00eentreab\u0103 de unde&hellip;<\/p>\n","protected":false},"author":0,"featured_media":34448,"comment_status":"open","ping_status":"open","sticky":false,"template":"","format":"standard","meta":{"footnotes":""},"categories":[2],"tags":[],"class_list":["post-34447","post","type-post","status-publish","format-standard","has-post-thumbnail","hentry","category-actual"],"_links":{"self":[{"href":"https:\/\/247stiri.ro\/index.php\/wp-json\/wp\/v2\/posts\/34447","targetHints":{"allow":["GET"]}}],"collection":[{"href":"https:\/\/247stiri.ro\/index.php\/wp-json\/wp\/v2\/posts"}],"about":[{"href":"https:\/\/247stiri.ro\/index.php\/wp-json\/wp\/v2\/types\/post"}],"replies":[{"embeddable":true,"href":"https:\/\/247stiri.ro\/index.php\/wp-json\/wp\/v2\/comments?post=34447"}],"version-history":[{"count":0,"href":"https:\/\/247stiri.ro\/index.php\/wp-json\/wp\/v2\/posts\/34447\/revisions"}],"wp:featuredmedia":[{"embeddable":true,"href":"https:\/\/247stiri.ro\/index.php\/wp-json\/wp\/v2\/media\/34448"}],"wp:attachment":[{"href":"https:\/\/247stiri.ro\/index.php\/wp-json\/wp\/v2\/media?parent=34447"}],"wp:term":[{"taxonomy":"category","embeddable":true,"href":"https:\/\/247stiri.ro\/index.php\/wp-json\/wp\/v2\/categories?post=34447"},{"taxonomy":"post_tag","embeddable":true,"href":"https:\/\/247stiri.ro\/index.php\/wp-json\/wp\/v2\/tags?post=34447"}],"curies":[{"name":"wp","href":"https:\/\/api.w.org\/{rel}","templated":true}]}}