{"id":34457,"date":"2025-02-24T14:46:05","date_gmt":"2025-02-24T14:46:05","guid":{"rendered":"https:\/\/247stiri.ro\/index.php\/2025\/02\/24\/crin-antonescu-si-a-lansat-oficial-candidatura-pentru-alegerile-prezidentiale-ciolacu-se-tine-de-rime-romania-inainte-crin-antonescu-presedinte\/"},"modified":"2025-02-24T14:46:05","modified_gmt":"2025-02-24T14:46:05","slug":"crin-antonescu-si-a-lansat-oficial-candidatura-pentru-alegerile-prezidentiale-ciolacu-se-tine-de-rime-romania-inainte-crin-antonescu-presedinte","status":"publish","type":"post","link":"https:\/\/247stiri.ro\/index.php\/2025\/02\/24\/crin-antonescu-si-a-lansat-oficial-candidatura-pentru-alegerile-prezidentiale-ciolacu-se-tine-de-rime-romania-inainte-crin-antonescu-presedinte\/","title":{"rendered":"Crin Antonescu \u015fi-a lansat oficial candidatura pentru alegerile preziden\u0163iale. Ciolacu se \u021bine de rime: \u201eRom\u00e2nia \u00eenainte, Crin Antonescu pre\u0219edinte\u201d"},"content":{"rendered":"<p>\u201eVoi lupta pentru a ob\u021bine voturile rom\u00e2nilor \u00een speran\u021ba c\u0103 voi putea fi un pre\u0219edinte puternic, dar \u0219i un pre\u0219edinte care s\u0103 \u00eencerce s\u0103 uneasc\u0103 cea mai mare parte a rom\u00e2nilor, s\u0103 dea un profil, o direc\u021bie \u0219i o for\u021b\u0103 nou\u0103 acestei na\u021biuni. Nu va fi un mandat u\u0219or, dar sunt preg\u0103tit s\u0103 \u00eemi asum aceast\u0103 responsabilitate\u201d, a declarat Crin Antonescu.<\/p>\n<p>Antonescu a eviden\u021biat c\u0103 scrutinul din acest an este \u201eo mare alegere \u00eentre Rom\u00e2nia \u00eenainte sau Rom\u00e2nia \u00eenapoi\u201d, suger\u00e2nd c\u0103 alian\u021ba sa reprezint\u0103 o op\u021biune pentru modernizare \u0219i consolidarea democra\u021biei. \u201eAlian\u021ba noastr\u0103 este o op\u021biune major\u0103 pentru o Rom\u00e2nie occidental\u0103, democratic\u0103, o Rom\u00e2nie a secolului XXI, \u0219i nu pentru o Rom\u00e2nie a obscurantismului, a \u00eentoarcerii la vremuri pe care nu le mai vrem niciodat\u0103 revenite \u00een destinul nostru\u201d, a ad\u0103ugat el.<\/p>\n<p>\u201e\u00cen acest moment, din punctul meu de vedere, cu toate c\u0103 la mine era clar de mai mult timp, candidatul coali\u021biei de guvernare este Crin Antonescu. &#8222;Rom\u00e2nia \u00eenainte&#8221;, Crin Antonescu &#8211; pre\u0219edinte, cred c\u0103 aceasta e rima care va fi folosit\u0103 \u00een campania electoral\u0103. S-au l\u0103murit odat\u0103 pentru totdeauna toate specula\u021biile care spuneau c\u0103 coali\u021bia nu este \u00een\u021beleas\u0103 \u0219i se va ajunge la schimbarea unui candidat.<\/p>\n<p>\u00cen momentul acesta este oficial &#8211; alian\u021ba &#8222;Rom\u00e2nia \u00eenainte&#8221; este \u00eenregistrat\u0103 la Biroul Electoral Central \u0219i candidatul unic al alian\u021bei electorale PSD, PNL, UDMR \u0219i minorit\u0103\u021bi este domnul Crin Antonescu\u201d, a spus Ciolacu, \u00eentr-o conferin\u021b\u0103 de pres\u0103 la care particip\u0103 al\u0103turi de ceilal\u021bi lideri ai Alian\u021bei electorale &#8222;Rom\u00e2nia \u00cenainte&#8221; \u0219i de Crin Antonescu.Ciolacu a ad\u0103ugat c\u0103 Antonescu are profilul de candidat la preziden\u021biale.<\/p>","protected":false},"excerpt":{"rendered":"<p>\u201eVoi lupta pentru a ob\u021bine voturile rom\u00e2nilor \u00een speran\u021ba c\u0103 voi putea fi un pre\u0219edinte&hellip;<\/p>\n","protected":false},"author":0,"featured_media":34458,"comment_status":"open","ping_status":"open","sticky":false,"template":"","format":"standard","meta":{"footnotes":""},"categories":[2],"tags":[],"class_list":["post-34457","post","type-post","status-publish","format-standard","has-post-thumbnail","hentry","category-actual"],"_links":{"self":[{"href":"https:\/\/247stiri.ro\/index.php\/wp-json\/wp\/v2\/posts\/34457","targetHints":{"allow":["GET"]}}],"collection":[{"href":"https:\/\/247stiri.ro\/index.php\/wp-json\/wp\/v2\/posts"}],"about":[{"href":"https:\/\/247stiri.ro\/index.php\/wp-json\/wp\/v2\/types\/post"}],"replies":[{"embeddable":true,"href":"https:\/\/247stiri.ro\/index.php\/wp-json\/wp\/v2\/comments?post=34457"}],"version-history":[{"count":0,"href":"https:\/\/247stiri.ro\/index.php\/wp-json\/wp\/v2\/posts\/34457\/revisions"}],"wp:featuredmedia":[{"embeddable":true,"href":"https:\/\/247stiri.ro\/index.php\/wp-json\/wp\/v2\/media\/34458"}],"wp:attachment":[{"href":"https:\/\/247stiri.ro\/index.php\/wp-json\/wp\/v2\/media?parent=34457"}],"wp:term":[{"taxonomy":"category","embeddable":true,"href":"https:\/\/247stiri.ro\/index.php\/wp-json\/wp\/v2\/categories?post=34457"},{"taxonomy":"post_tag","embeddable":true,"href":"https:\/\/247stiri.ro\/index.php\/wp-json\/wp\/v2\/tags?post=34457"}],"curies":[{"name":"wp","href":"https:\/\/api.w.org\/{rel}","templated":true}]}}