{"id":34477,"date":"2025-02-24T15:45:37","date_gmt":"2025-02-24T15:45:37","guid":{"rendered":"https:\/\/247stiri.ro\/index.php\/2025\/02\/24\/viitorul-cancelar-german-a-spus-ca-vrea-sa-se-pregateasca-pentru-cel-mai-rau-scenariu-in-relatiile-transatlantice-in-domeniul-apararii\/"},"modified":"2025-02-24T15:45:37","modified_gmt":"2025-02-24T15:45:37","slug":"viitorul-cancelar-german-a-spus-ca-vrea-sa-se-pregateasca-pentru-cel-mai-rau-scenariu-in-relatiile-transatlantice-in-domeniul-apararii","status":"publish","type":"post","link":"https:\/\/247stiri.ro\/index.php\/2025\/02\/24\/viitorul-cancelar-german-a-spus-ca-vrea-sa-se-pregateasca-pentru-cel-mai-rau-scenariu-in-relatiile-transatlantice-in-domeniul-apararii\/","title":{"rendered":"Viitorul cancelar german a spus c\u0103 vrea s\u0103 se preg\u0103teasc\u0103 pentru &#8216;cel mai r\u0103u scenariu&#8217; \u00een rela\u021biile transatlantice \u00een domeniul ap\u0103r\u0103rii"},"content":{"rendered":"<p>&#8222;Toate semnalele pe care le primim dinspre Statele Unite indic\u0103 faptul c\u0103 interesul pentru Europa sl\u0103be\u0219te \u00een mod semnificativ&#8221;, a spus Merz, liderul alian\u021bei de centru-dreapta Uniunea Cre\u0219tin-Democrat\u0103 &#8211; Uniunea Cre\u0219tin-Social\u0103 (CDU-CSU), alian\u021b\u0103 clasat\u0103 pe primul loc la alegerile legislative desf\u0103\u0219urate duminic\u0103, cu 28,5% din voturi, conform rezultatelor provizorii.\u00cen acest context, este necesar &#8222;s\u0103 avem \u00een vedere cel mai r\u0103u scenariu dac\u0103 aceia din Statele Unite care nu vorbesc doar despre &#8222;America First&#8221; (&#8222;America pe primul loc&#8221;), ci aproape despre &#8222;America Alone&#8221; (&#8222;America Singur\u0103&#8221;), reu\u0219esc s\u0103 se impun\u0103&#8221;, iar \u00een acest caz &#8222;va fi dificil&#8221;, a ad\u0103ugat Friedrich Merz.&#8221;Este clar c\u0103 (&#8230;) europenii trebuie s\u0103-\u0219i organizeze foarte repede capacitatea de ap\u0103rare, aceasta este o chestiune care va avea prioritate absolut\u0103 \u00een s\u0103pt\u0103m\u00e2nile urm\u0103toare&#8221;, a indicat favoritul pentru postul de cancelar federal german.Friedrich Merz a mai men\u021bionat c\u0103 este &#8222;deplin de acord&#8221; pe acest subiect cu pre\u0219edintele francez Emmanuel Macron, cu care a vorbit la telefon duminic\u0103, \u00eenainte ca \u0219eful statului francez s\u0103 plece la Washington pentru o discu\u021bie cu Donald Trump ce are loc luni.Macron \u00eei va prezenta lui Trump &#8222;propuneri de ac\u021biune&#8221; pentru a \u00eendep\u0103rta &#8222;amenin\u021barea rus\u0103&#8221; din Europa \u0219i pentru a garanta o &#8222;pace durabil\u0103&#8221; \u00een Ucraina, care s\u0103 nu fie un dictat pentru Kiev, \u00een timp ce Rusia \u0219i SUA discut\u0103 f\u0103r\u0103 Ucraina \u0219i f\u0103r\u0103 europeni despre \u00eencheierea r\u0103zboiului.Totu\u0219i, Friedrich Merz a sus\u021binut c\u0103 r\u0103m\u00e2ne \u00eencrez\u0103tor c\u0103 va putea convinge administra\u021bia american\u0103 asupra men\u021binerii unei &#8222;rela\u021bii transatlantice bune (&#8230;) \u00een interesul nostru comun&#8221; \u0219i a asigurat c\u0103 dore\u0219te s\u0103 fac\u0103 tot posibilul \u00een acest sens, scrie Agerpres.Rela\u021biile dintre Berlin \u0219i Washington sunt tensionate \u0219i ca urmare a sprijinului declarat al administra\u021biei Trump fa\u021b\u0103 de partidul de extrem\u0103 dreapta Alternativa pentru Germania (AfD), devenit dup\u0103 alegerile de duminic\u0103 a doua for\u021b\u0103 politic\u0103, cu 20,8% din voturi, dar nu are \u0219anse s\u0103 accead\u0103 la guvernare, \u00eentruc\u00e2t partidele progresiste pro-europene au promis men\u021binerea &#8222;cordonului sanitar&#8221; care s\u0103 izoleze partidele antisistem, practic\u0103 descris\u0103 drept antidemocratic\u0103 de vicepre\u0219edintele american J. D. Vance.<\/p>\n<p><a href=\"https:\/\/www.realitatea.net\/stiri\/actual\/fredrich-viitorul-cancelar-al-germaniei-promite-independenta-germaniei-si-a-europei-fata-de-sua-administratia-trump-este-indiferenta-fata-de-europa_67bc153c92749d3f5b668ae9\" target=\"_blank\">Friedrich Merz, viitorul cancelar al Germaniei, promite \u201eindependen\u021ba\u201d Germaniei \u0219i a Europei fa\u021b\u0103 de SUA: \u201dAdministra\u021bia Trump este indiferent\u0103 fa\u021b\u0103 de Europa\u201d<\/a>Acesta din urm\u0103 a sugerat joi c\u0103 administra\u021bia pre\u0219edintelui Donald Trump ar putea reconsidera prezen\u021ba militar\u0103 american\u0103 \u00een Germania dac\u0103 aceast\u0103 \u021bar\u0103 \u00eengr\u0103de\u0219te libertatea de exprimare. &#8222;\u00centreaga ap\u0103rare a Germaniei este subven\u021bionat\u0103 de contribuabilul american. Sunt mii \u0219i mii de solda\u021bi americani \u00een Germania ast\u0103zi. Crede\u021bi c\u0103 contribuabilul american va accepta asta dac\u0103 \u00een Germania e\u0219ti aruncat \u00een \u00eenchisoare doar pentru postarea unui tweet? Evident, nu va accepta&#8221;, a spus Vance \u00eentr-un interviu la Conferin\u021ba Ac\u021biunii Politice Conservatoare (Conservative Political Action Conference &#8211; CPAC).El \u0219i-a continuat astfel criticile la adresa liderilor europeni formulate la Conferin\u021ba de Securitate de la Munchen, unde a spus c\u0103, mai mult dec\u00e2t vreo amenin\u021bare din partea Rusiei sau a Chinei, Europa este amenin\u021bat\u0103 &#8222;din interior &#8222;de migra\u021bia necontrolat\u0103, de cenzur\u0103, \u00eengr\u0103direa libert\u0103\u021bii de exprimare \u0219i subminarea valorilor democratice, critic\u00e2nd \u00een special &#8222;cordonul sanitar&#8221; creat \u00een Germania pentru a \u00eempiedica partidele na\u021bionaliste eurosceptice s\u0103 intre \u00een guvernul federal.\u00cen interviul dat joi la conferin\u021ba conservatorilor americani, J. D. Vance a acuzat guvernele occidentale, inclusiv pe cele din Europa, c\u0103 \u00een timpul administra\u021biei pre\u0219edintelui Joe Biden au impus o cultur\u0103 a cenzurii comparabil\u0103 cu cea a statelor autoritare.\u00centr-un alt interviu, acordat anterior publica\u021biei Wall Street Journal, vicepre\u0219edintele american le-a cerut liderilor europeni s\u0103 accepte ascensiunea partidelor antisistem, s\u0103 ia m\u0103suri dure \u00eempotriva migra\u021biei ilegale \u0219i s\u0103 \u00eembr\u0103\u021bi\u0219eze valorile conservatoare tradi\u021bionale.<\/p>\n<p><a title=\"Cine este Friedrich Merz, liderul CDU, viitorul cancelar al Germaniei\" href=\"https:\/\/www.realitatea.net\/stiri\/actual\/cine-este-friedrich-merz-liderul-cdu-viitorul-cancelar-al-germaniei_67bb7429c0290577991897f2\">Cine este Friedrich Merz, liderul CDU, viitorul cancelar al Germaniei<\/a><\/p>\n<p>\u00a0<\/p>\n<p>\u00a0<\/p>","protected":false},"excerpt":{"rendered":"<p>&#8222;Toate semnalele pe care le primim dinspre Statele Unite indic\u0103 faptul c\u0103 interesul pentru Europa&hellip;<\/p>\n","protected":false},"author":0,"featured_media":34470,"comment_status":"open","ping_status":"open","sticky":false,"template":"","format":"standard","meta":{"footnotes":""},"categories":[2],"tags":[],"class_list":["post-34477","post","type-post","status-publish","format-standard","has-post-thumbnail","hentry","category-actual"],"_links":{"self":[{"href":"https:\/\/247stiri.ro\/index.php\/wp-json\/wp\/v2\/posts\/34477","targetHints":{"allow":["GET"]}}],"collection":[{"href":"https:\/\/247stiri.ro\/index.php\/wp-json\/wp\/v2\/posts"}],"about":[{"href":"https:\/\/247stiri.ro\/index.php\/wp-json\/wp\/v2\/types\/post"}],"replies":[{"embeddable":true,"href":"https:\/\/247stiri.ro\/index.php\/wp-json\/wp\/v2\/comments?post=34477"}],"version-history":[{"count":0,"href":"https:\/\/247stiri.ro\/index.php\/wp-json\/wp\/v2\/posts\/34477\/revisions"}],"wp:featuredmedia":[{"embeddable":true,"href":"https:\/\/247stiri.ro\/index.php\/wp-json\/wp\/v2\/media\/34470"}],"wp:attachment":[{"href":"https:\/\/247stiri.ro\/index.php\/wp-json\/wp\/v2\/media?parent=34477"}],"wp:term":[{"taxonomy":"category","embeddable":true,"href":"https:\/\/247stiri.ro\/index.php\/wp-json\/wp\/v2\/categories?post=34477"},{"taxonomy":"post_tag","embeddable":true,"href":"https:\/\/247stiri.ro\/index.php\/wp-json\/wp\/v2\/tags?post=34477"}],"curies":[{"name":"wp","href":"https:\/\/api.w.org\/{rel}","templated":true}]}}