{"id":34478,"date":"2025-02-24T15:45:38","date_gmt":"2025-02-24T15:45:38","guid":{"rendered":"https:\/\/247stiri.ro\/index.php\/2025\/02\/24\/kelemen-hunor-romania-trebuie-sa-inteleaga-care-sunt-obiectivele-sua-ue-nu-are-decat-sa-se-schimbe\/"},"modified":"2025-02-24T15:45:38","modified_gmt":"2025-02-24T15:45:38","slug":"kelemen-hunor-romania-trebuie-sa-inteleaga-care-sunt-obiectivele-sua-ue-nu-are-decat-sa-se-schimbe","status":"publish","type":"post","link":"https:\/\/247stiri.ro\/index.php\/2025\/02\/24\/kelemen-hunor-romania-trebuie-sa-inteleaga-care-sunt-obiectivele-sua-ue-nu-are-decat-sa-se-schimbe\/","title":{"rendered":"Kelemen Hunor: \u201dRom\u00e2nia trebuie s\u0103 \u00een\u0163eleag\u0103 care sunt obiectivele SUA. UE nu are dec\u00e2t s\u0103 se schimbe\u201d"},"content":{"rendered":"<p>\u00cen cadrul unei conferin\u021be de pres\u0103, <a href=\"https:\/\/www.realitatea.net\/stiri\/actual\/kelemen-hunor-considera-ca-este-necesara-o-discutie-in-coalitie-si-in-csat-trebuie-vazut-care-este-directia-in-care-doreste-sa-mearga-romania_67b8504d0891437f8a411e57\" target=\"_blank\">Kelemen Hunor<\/a> a subliniat c\u0103 \u021bara noastr\u0103 trebuie s\u0103 \u00een\u021beleag\u0103 care sunt obiectivele SUA, deoarece la nivel interna\u021bional vor avea loc schimb\u0103ri rapide.\u00a0<\/p>\n<p>\u201dTot ce se \u00eent\u00e2mpla pe scena internat\u0326ional\u0103 are un impact direct asupra noastr\u0103. \u015ei, cum noi nu am fost \u00eentreba\u0163i de ani de zile despre politica extern\u0103, de parc\u0103 ar fi un subiect tabu, rezervat doar celor aviza\u0163i de la Ministerul de Externe, acum avem ocazia s\u0103 ne exprim\u0103m punctul de vedere. \u00cen primul r\u00e2nd, Rom\u00e2nia trebuie s\u0103 \u00een\u0163eleag\u0103 exact care sunt obiectivele Statelor Unite, deoarece schimb\u0103rile vor avea loc rapid\u201d, a explicat Kelemen Hunor.<\/p>\n<p>De asemenea, pre\u0219edintele UDMR a \u021binut s\u0103 precizeze faptul c\u0103 parteneriatul cu SUA trebuie \u00eent\u0103rit, nu sl\u0103bit.<\/p>\n<p>\u201dNu \u015ftiu dac\u0103 noi con\u015ftientiz\u0103m pe deplin miza acestor transform\u0103ri. Totu\u015fi, sunt convins c\u0103 Statele Unite vor reu\u015fi s\u0103 ob\u0163in\u0103 pacea \u015fi \u00eencetarea focului \u00eentr-un timp foarte scurt. Echipa Trump promoveaz\u0103 valori conservatoare, despre care toat\u0103 lumea vorbe\u015fte \u00een aceast\u0103 perioad\u0103. \u00cen aceast\u0103 cheie trebuie interpretate inclusiv mesajele scurte postate pe X sau Facebook de diferite persoane\u201d, a ad\u0103ugat Kelemen Hunor.<\/p>\n<p>Mai mult, liderul UDMR consider\u0103 c\u0103 UE trebuie s\u0103 se schimbe rapid \u015fi Rom\u00e2nia trebuie s\u0103 propun\u0103 o serie de modific\u0103ri.<\/p>\n<p>\u201dNu trebuie s\u0103 ne panic\u0103m, trebuie s\u0103 \u015ftim care sunt interesele Rom\u00e2niei s\u0103 fi ini\u0163iatorii unor teme \u00een UE (&#8230;) UE nu are dec\u00e2t s\u0103 se schimbe\u201d, a precizat acesta.\u00a0<\/p>","protected":false},"excerpt":{"rendered":"<p>\u00cen cadrul unei conferin\u021be de pres\u0103, Kelemen Hunor a subliniat c\u0103 \u021bara noastr\u0103 trebuie s\u0103&hellip;<\/p>\n","protected":false},"author":0,"featured_media":34474,"comment_status":"open","ping_status":"open","sticky":false,"template":"","format":"standard","meta":{"footnotes":""},"categories":[2],"tags":[],"class_list":["post-34478","post","type-post","status-publish","format-standard","has-post-thumbnail","hentry","category-actual"],"_links":{"self":[{"href":"https:\/\/247stiri.ro\/index.php\/wp-json\/wp\/v2\/posts\/34478","targetHints":{"allow":["GET"]}}],"collection":[{"href":"https:\/\/247stiri.ro\/index.php\/wp-json\/wp\/v2\/posts"}],"about":[{"href":"https:\/\/247stiri.ro\/index.php\/wp-json\/wp\/v2\/types\/post"}],"replies":[{"embeddable":true,"href":"https:\/\/247stiri.ro\/index.php\/wp-json\/wp\/v2\/comments?post=34478"}],"version-history":[{"count":0,"href":"https:\/\/247stiri.ro\/index.php\/wp-json\/wp\/v2\/posts\/34478\/revisions"}],"wp:featuredmedia":[{"embeddable":true,"href":"https:\/\/247stiri.ro\/index.php\/wp-json\/wp\/v2\/media\/34474"}],"wp:attachment":[{"href":"https:\/\/247stiri.ro\/index.php\/wp-json\/wp\/v2\/media?parent=34478"}],"wp:term":[{"taxonomy":"category","embeddable":true,"href":"https:\/\/247stiri.ro\/index.php\/wp-json\/wp\/v2\/categories?post=34478"},{"taxonomy":"post_tag","embeddable":true,"href":"https:\/\/247stiri.ro\/index.php\/wp-json\/wp\/v2\/tags?post=34478"}],"curies":[{"name":"wp","href":"https:\/\/api.w.org\/{rel}","templated":true}]}}