{"id":34487,"date":"2025-02-24T16:44:58","date_gmt":"2025-02-24T16:44:58","guid":{"rendered":"https:\/\/247stiri.ro\/index.php\/2025\/02\/24\/lovitura-dura-pentru-magistrati-vechimea-ca-politist-grefier-sau-avocat-nu-se-mai-in-calcul-la-pensia-de-magistrat\/"},"modified":"2025-02-24T16:44:58","modified_gmt":"2025-02-24T16:44:58","slug":"lovitura-dura-pentru-magistrati-vechimea-ca-politist-grefier-sau-avocat-nu-se-mai-in-calcul-la-pensia-de-magistrat","status":"publish","type":"post","link":"https:\/\/247stiri.ro\/index.php\/2025\/02\/24\/lovitura-dura-pentru-magistrati-vechimea-ca-politist-grefier-sau-avocat-nu-se-mai-in-calcul-la-pensia-de-magistrat\/","title":{"rendered":"Lovitur\u0103 dur\u0103 pentru magistra\u021bi. Vechimea ca poli\u021bist, grefier sau avocat nu se mai \u00een calcul la pensia de magistrat"},"content":{"rendered":"<p>ICCJ a decis ca fo\u0219tii avoca\u021bi, grefieri si poli\u021bi\u0219ti judiciari deveni\u021bi judec\u0103tori sau procurori nu \u00ee\u0219i pot valorifica perioada dinaintea intr\u0103rii in magistratur\u0103 ca vechime, pentru a putea primi coeficien\u021bi de ierarhizare si plata a drepturilor salariale ca si c\u00e2nd ar fi activat ca magistra\u021bi \u00eenc\u0103 de la \u00eenceput. ICCJ a fost sesizata de trei instante in baza \u201eOrdonan\u021bei tribunalelor s\u0103te\u0219ti\u201d, scrie <a href=\"https:\/\/www.luju.ro\/dezlegare-pe-salarizarea-din-magistratura-iccj-a-decis-ca-fostii-avocati-grefieri-si-politisti-judiciari-deveniti-judecatori-sau-procurori-nu-isi-pot-valorifica-perioada-dinaintea-intrarii-in-magistratura-ca-vechime-in-functia-de-judecator-sau-procuror-pe\" target=\"_blank\">Lumea Justi\u021biei.<\/a><\/p>\n<p>\u201cDecizia nr. 47: Admite sesiz\u0103rile formulate de Tribunalul Gala\u0163i \u2013 Sec\u0163ia I civil\u0103, Tribunalul Cluj \u2013 Sec\u0163ia mixt\u0103 de contencios administrativ \u015fi fiscal, de conflicte de munc\u0103 \u015fi asigur\u0103ri sociale \u015fi Curtea de Apel Pite\u015fti \u2013 Sec\u0163ia I civil\u0103 \u015fi, \u00een consecin\u0163\u0103, stabile\u015fte c\u0103: \u00cen interpretarea \u015fi aplicarea dispozi\u0163iilor art. 6 lit. b) \u015fi c) din Legea-cadru nr. 153\/2017 \u015fi ale art. 86 alin. (1) din Legea nr. 303\/2004, prin raportare la prevederile din Nota nr. 1 din Cap. I lit. A al Anexei V la Legea-cadru nr. 153\/2017, perioada \u00een care o persoan\u0103 a desf\u0103\u015furat activitatea \u00een calitate de avocat, grefier cu studii superioare sau ofi\u0163er de poli\u0163ie judiciar\u0103 cu studii superioare juridice, care potrivit dispozi\u0163iilor art. 86 din Legea nr. 303\/2004 constituie vechime \u00een magistratur\u0103, nu poate fi valorificat\u0103 ca vechime \u00een func\u0163ia de judec\u0103tor, procuror, personal asimilat acestora, magistrat-asistent \u00een vederea acord\u0103rii coeficien\u0163ilor de ierarhizare \u015fi plat\u0103 a drepturilor salariale raportat la aceast\u0103 vechime. Obligatorie, potrivit dispozi\u0163iilor art. 521 alin. (3) din Codul de procedur\u0103 civil\u0103. Pronun\u0163at\u0103 \u00een \u015fedin\u0163\u0103 public\u0103 ast\u0103zi, 24 februarie 2025\u201d, arat\u0103 minuta \u00ceCCJ.<\/p>\n<p>Hot\u0103r\u00e2rea prealabil\u0103 se refer\u0103 nu doar la judec\u0103torii \u0219i procurorii care au activat ini\u021bial ca avoca\u021bi, grefieri sau poli\u021bi\u0219ti judiciari, ci si la magistra\u021bii-asisten\u021bi si asimila\u021bii cu un astfel de trecut profesional.<\/p>","protected":false},"excerpt":{"rendered":"<p>ICCJ a decis ca fo\u0219tii avoca\u021bi, grefieri si poli\u021bi\u0219ti judiciari deveni\u021bi judec\u0103tori sau procurori nu&hellip;<\/p>\n","protected":false},"author":0,"featured_media":34488,"comment_status":"open","ping_status":"open","sticky":false,"template":"","format":"standard","meta":{"footnotes":""},"categories":[2],"tags":[],"class_list":["post-34487","post","type-post","status-publish","format-standard","has-post-thumbnail","hentry","category-actual"],"_links":{"self":[{"href":"https:\/\/247stiri.ro\/index.php\/wp-json\/wp\/v2\/posts\/34487","targetHints":{"allow":["GET"]}}],"collection":[{"href":"https:\/\/247stiri.ro\/index.php\/wp-json\/wp\/v2\/posts"}],"about":[{"href":"https:\/\/247stiri.ro\/index.php\/wp-json\/wp\/v2\/types\/post"}],"replies":[{"embeddable":true,"href":"https:\/\/247stiri.ro\/index.php\/wp-json\/wp\/v2\/comments?post=34487"}],"version-history":[{"count":0,"href":"https:\/\/247stiri.ro\/index.php\/wp-json\/wp\/v2\/posts\/34487\/revisions"}],"wp:featuredmedia":[{"embeddable":true,"href":"https:\/\/247stiri.ro\/index.php\/wp-json\/wp\/v2\/media\/34488"}],"wp:attachment":[{"href":"https:\/\/247stiri.ro\/index.php\/wp-json\/wp\/v2\/media?parent=34487"}],"wp:term":[{"taxonomy":"category","embeddable":true,"href":"https:\/\/247stiri.ro\/index.php\/wp-json\/wp\/v2\/categories?post=34487"},{"taxonomy":"post_tag","embeddable":true,"href":"https:\/\/247stiri.ro\/index.php\/wp-json\/wp\/v2\/tags?post=34487"}],"curies":[{"name":"wp","href":"https:\/\/api.w.org\/{rel}","templated":true}]}}