{"id":34491,"date":"2025-02-24T16:44:59","date_gmt":"2025-02-24T16:44:59","guid":{"rendered":"https:\/\/247stiri.ro\/index.php\/2025\/02\/24\/maine-va-fi-depusa-motiunea-de-cenzura-impotriva-guvernului-nordis-un-lider-s-o-s-romania-a-anuntat-oficial\/"},"modified":"2025-02-24T16:44:59","modified_gmt":"2025-02-24T16:44:59","slug":"maine-va-fi-depusa-motiunea-de-cenzura-impotriva-guvernului-nordis-un-lider-s-o-s-romania-a-anuntat-oficial","status":"publish","type":"post","link":"https:\/\/247stiri.ro\/index.php\/2025\/02\/24\/maine-va-fi-depusa-motiunea-de-cenzura-impotriva-guvernului-nordis-un-lider-s-o-s-romania-a-anuntat-oficial\/","title":{"rendered":"\u201eM\u00e2ine va fi depus\u0103 mo\u021biunea de cenzur\u0103 \u00eempotriva Guvernului Nordis\u201d. Un lider S.O.S. Rom\u00e2nia a anun\u021bat oficial"},"content":{"rendered":"<p>&#8216;M\u00e2ine va fi depus\u0103 mo\u021biunea de cenzur\u0103 \u00eempotriva Guvernului Nordis. Am \u00eendeplinit condi\u021biile prev\u0103zute de Constitu\u021bie. Avem 154 semn\u0103turi, e vorba de grupurile S.O.S. Rom\u00e2nia, AUR \u0219i POT, iar m\u00e2ine va fi depus\u0103 mo\u021biunea de cenzur\u0103 \u00eempotriva Guvernului Ciolacu &#8211; &#8216;Guvernul Nordis trebuie s\u0103 plece&#8217;, a precizat, luni, \u00een plen, Dumitru Coarn\u0103, citat de Agerpres.Depunerea mo\u021biunii de cenzur\u0103 a fost anun\u021bat\u0103 de S.O.S Rom\u00e2nia \u0219i s\u0103pt\u0103m\u00e2na trecut\u0103, \u00eens\u0103 demersul a fost am\u00e2nat. Liderul senatorilor AUR, Petri\u0219or Peiu, a declarat, atunci, c\u0103 au fost str\u00e2nse 154 de semn\u0103turi pentru depunerea ei, \u00eens\u0103, se a\u0219teapt\u0103 p\u00e2n\u0103 miercuri, 26 februarie, semn\u0103turile parlamentarilor USR. USR a anun\u021bat, \u00eens\u0103, c\u0103 parlamentarii forma\u021biunii nu vor semna o mo\u021biune de cenzur\u0103 cu &#8216;izola\u021bioni\u0219tii&#8217;.\u00a0<\/p>\n<p><a href=\"https:\/\/www.realitatea.net\/stiri\/politica\/liderul-suveranistilor-pregateste-debarcarea-guvernului-ciolacu-un-milion-de-romani-asteptati-in-strada-pe-1-martie-la-cel-mai-mare-protest-de-pana-acum_67bc38fc629d40700d228ba2\" target=\"_blank\">Liderul suverani\u0219tilor preg\u0103te\u0219te DEBARCAREA Guvernului Ciolacu. Un milion de rom\u00e2ni, a\u0219tepta\u021bi \u00een strad\u0103 pe 1 martie, la cel mai mare PROTEST de p\u00e2n\u0103 acum<\/a><\/p>","protected":false},"excerpt":{"rendered":"<p>&#8216;M\u00e2ine va fi depus\u0103 mo\u021biunea de cenzur\u0103 \u00eempotriva Guvernului Nordis. Am \u00eendeplinit condi\u021biile prev\u0103zute de&hellip;<\/p>\n","protected":false},"author":0,"featured_media":34486,"comment_status":"open","ping_status":"open","sticky":false,"template":"","format":"standard","meta":{"footnotes":""},"categories":[2],"tags":[],"class_list":["post-34491","post","type-post","status-publish","format-standard","has-post-thumbnail","hentry","category-actual"],"_links":{"self":[{"href":"https:\/\/247stiri.ro\/index.php\/wp-json\/wp\/v2\/posts\/34491","targetHints":{"allow":["GET"]}}],"collection":[{"href":"https:\/\/247stiri.ro\/index.php\/wp-json\/wp\/v2\/posts"}],"about":[{"href":"https:\/\/247stiri.ro\/index.php\/wp-json\/wp\/v2\/types\/post"}],"replies":[{"embeddable":true,"href":"https:\/\/247stiri.ro\/index.php\/wp-json\/wp\/v2\/comments?post=34491"}],"version-history":[{"count":0,"href":"https:\/\/247stiri.ro\/index.php\/wp-json\/wp\/v2\/posts\/34491\/revisions"}],"wp:featuredmedia":[{"embeddable":true,"href":"https:\/\/247stiri.ro\/index.php\/wp-json\/wp\/v2\/media\/34486"}],"wp:attachment":[{"href":"https:\/\/247stiri.ro\/index.php\/wp-json\/wp\/v2\/media?parent=34491"}],"wp:term":[{"taxonomy":"category","embeddable":true,"href":"https:\/\/247stiri.ro\/index.php\/wp-json\/wp\/v2\/categories?post=34491"},{"taxonomy":"post_tag","embeddable":true,"href":"https:\/\/247stiri.ro\/index.php\/wp-json\/wp\/v2\/tags?post=34491"}],"curies":[{"name":"wp","href":"https:\/\/api.w.org\/{rel}","templated":true}]}}