{"id":34670,"date":"2025-02-25T11:45:20","date_gmt":"2025-02-25T11:45:20","guid":{"rendered":"https:\/\/247stiri.ro\/index.php\/2025\/02\/25\/decizie-in-coalitie-toni-grebla-va-fi-revocat-din-functia-de-sef-aep\/"},"modified":"2025-02-25T11:45:20","modified_gmt":"2025-02-25T11:45:20","slug":"decizie-in-coalitie-toni-grebla-va-fi-revocat-din-functia-de-sef-aep","status":"publish","type":"post","link":"https:\/\/247stiri.ro\/index.php\/2025\/02\/25\/decizie-in-coalitie-toni-grebla-va-fi-revocat-din-functia-de-sef-aep\/","title":{"rendered":"Decizie \u00een Coali\u021bie: Toni Grebl\u0103 va fi revocat din func\u021bia de \u0219ef AEP"},"content":{"rendered":"<p>Coali\u0163ia de guvernare a decis, \u00een \u015fedin\u021ba de ast\u0103zi, s\u0103 sus\u0163in\u0103 revocarea din func\u0163ie a pre\u015fedintelui AEP, Toni Grebl\u0103. \u00cen urma deciziei politice, \u00een Parlament, \u00een Birourile reunite, va fi demarat\u0103 procedura pentru schimbarea acestuia din func\u0163ie.<\/p>\n<p>Pre\u015fedintele PSD, premierul Marcel Ciolacu, afirma, recent, c\u0103 cel mai mult l-a deranjat la anularea alegerilor precedentul creat \u015fi renum\u0103rarea voturilor, el preciz\u00e2nd c\u0103 Toni Grebl\u0103 nu ar mai trebui s\u0103 mai r\u0103m\u00e2n\u0103 \u00een fruntea Autorit\u0103\u0163ii Electorale Permanente, dar c\u0103 decizia este a Parlamentului.<\/p>\n<p>\u00centrebat dac\u0103 crede c\u0103 Toni Grebl\u0103 ar trebui s\u0103 mai conduc\u0103 Autoritatea Electoral\u0103 Permanent\u0103, Ciolacu a spus: \u201dNu, din mai multe motive, dar nu eu hot\u0103r\u00e2sc. Acest lucru \u00eel decide Parlamentul, dar din alte motive, care \u0163in de func\u0163ionare, de coordonare din Guvern \u015fi AEP\u201d.<\/p>\n<p>USR a cerut, luni, ca \u015feful Autorit\u0103\u0163ii Electorale Permanente (AEP) s\u0103 vin\u0103 \u00een Parlament pentru a prezenta raportul asupra organiz\u0103rii \u015fi desf\u0103\u015fur\u0103rii ultimelor alegeri preziden\u0163iale, a\u015fa cum prevede legea \u00een vigoare, ar\u0103t\u00e2nd c\u0103 au trecut 3 luni de la alegerile din 24 noiembrie 2024 \u015fi nici acum nu \u015ftim motivele exacte pentru care au fost anulate alegerile \u015fi, mai ales, m\u0103surile luate pentru ca scrutinele din luna mai s\u0103 fie corecte \u015fi sigure.<\/p>\n<p>\u00a0<\/p>\n<p>\u00a0<\/p>","protected":false},"excerpt":{"rendered":"<p>Coali\u0163ia de guvernare a decis, \u00een \u015fedin\u021ba de ast\u0103zi, s\u0103 sus\u0163in\u0103 revocarea din func\u0163ie a&hellip;<\/p>\n","protected":false},"author":0,"featured_media":34671,"comment_status":"open","ping_status":"open","sticky":false,"template":"","format":"standard","meta":{"footnotes":""},"categories":[3],"tags":[],"class_list":["post-34670","post","type-post","status-publish","format-standard","has-post-thumbnail","hentry","category-politica"],"_links":{"self":[{"href":"https:\/\/247stiri.ro\/index.php\/wp-json\/wp\/v2\/posts\/34670","targetHints":{"allow":["GET"]}}],"collection":[{"href":"https:\/\/247stiri.ro\/index.php\/wp-json\/wp\/v2\/posts"}],"about":[{"href":"https:\/\/247stiri.ro\/index.php\/wp-json\/wp\/v2\/types\/post"}],"replies":[{"embeddable":true,"href":"https:\/\/247stiri.ro\/index.php\/wp-json\/wp\/v2\/comments?post=34670"}],"version-history":[{"count":0,"href":"https:\/\/247stiri.ro\/index.php\/wp-json\/wp\/v2\/posts\/34670\/revisions"}],"wp:featuredmedia":[{"embeddable":true,"href":"https:\/\/247stiri.ro\/index.php\/wp-json\/wp\/v2\/media\/34671"}],"wp:attachment":[{"href":"https:\/\/247stiri.ro\/index.php\/wp-json\/wp\/v2\/media?parent=34670"}],"wp:term":[{"taxonomy":"category","embeddable":true,"href":"https:\/\/247stiri.ro\/index.php\/wp-json\/wp\/v2\/categories?post=34670"},{"taxonomy":"post_tag","embeddable":true,"href":"https:\/\/247stiri.ro\/index.php\/wp-json\/wp\/v2\/tags?post=34670"}],"curies":[{"name":"wp","href":"https:\/\/api.w.org\/{rel}","templated":true}]}}