{"id":34672,"date":"2025-02-25T11:45:21","date_gmt":"2025-02-25T11:45:21","guid":{"rendered":"https:\/\/247stiri.ro\/index.php\/2025\/02\/25\/disperare-pe-toate-fronturile-gigi-becali-un-nou-atac-scandalos-catre-presedintele-ales-calin-georgescu\/"},"modified":"2025-02-25T11:45:21","modified_gmt":"2025-02-25T11:45:21","slug":"disperare-pe-toate-fronturile-gigi-becali-un-nou-atac-scandalos-catre-presedintele-ales-calin-georgescu","status":"publish","type":"post","link":"https:\/\/247stiri.ro\/index.php\/2025\/02\/25\/disperare-pe-toate-fronturile-gigi-becali-un-nou-atac-scandalos-catre-presedintele-ales-calin-georgescu\/","title":{"rendered":"Disperare pe toate fronturile! Gigi Becali, un nou ATAC scandalos c\u0103tre pre\u0219edintele ales, C\u0103lin Georgescu"},"content":{"rendered":"<p>Cum vrea Becali s\u0103 \u00eel saboteze pe C\u0103lin Georgescu<\/p>\n<p><a href=\"https:\/\/www.realitatea.net\/stiri\/actual\/gigi-becali-explicatii-in-direct-la-realitatea-plus-dupa-anuntul-candidaturii-eu-nu-sunt-legat-de-aur_67b8b694f93f5162e4471cb2\" target=\"_blank\">Becali,<\/a> care \u0219i-a anun\u021bat inten\u021bia de a candida la preziden\u021biale \u00eempotriva lui Georgescu, candidat sus\u021binut de Simion, spune despre pre\u0219edintele ales c\u0103 &#8222;este un fals cre\u0219tin&#8221;.\u00a0<\/p>\n<p>Mai mult, Gigi Becali sus\u021bine c\u0103 &#8222;Georgescu ar avea demoni \u0219i \u201dnu \u0219tie ce \u00eenseamn\u0103 biserica\u201d.<\/p>\n<p>\u00a0Gigi Becali ar face orice pentru ca independentul C\u0103lin Georgescu s\u0103 nu ajung\u0103 pre\u0219edintele Rom\u00e2niei \u0219i a anun\u021bat c\u0103 dac\u0103 <a href=\"https:\/\/www.realitatea.net\/stiri\/actual\/george-simion-atac-la-ciobanul-becali-care-se-vede-presedinte-unii-se-viseaza-candidati-aur-il-sustine-doar-pe-calin-georgescu_67bac5a88dd4a746780219c3\" target=\"_blank\">partidul AUR<\/a> nu va avea candidat propriu la preziden\u021biale, atunci o s\u0103 candideze el independent la scrutinul din luna mai.\u00a0<\/p>","protected":false},"excerpt":{"rendered":"<p>Cum vrea Becali s\u0103 \u00eel saboteze pe C\u0103lin Georgescu Becali, care \u0219i-a anun\u021bat inten\u021bia de&hellip;<\/p>\n","protected":false},"author":0,"featured_media":34673,"comment_status":"open","ping_status":"open","sticky":false,"template":"","format":"standard","meta":{"footnotes":""},"categories":[3],"tags":[],"class_list":["post-34672","post","type-post","status-publish","format-standard","has-post-thumbnail","hentry","category-politica"],"_links":{"self":[{"href":"https:\/\/247stiri.ro\/index.php\/wp-json\/wp\/v2\/posts\/34672","targetHints":{"allow":["GET"]}}],"collection":[{"href":"https:\/\/247stiri.ro\/index.php\/wp-json\/wp\/v2\/posts"}],"about":[{"href":"https:\/\/247stiri.ro\/index.php\/wp-json\/wp\/v2\/types\/post"}],"replies":[{"embeddable":true,"href":"https:\/\/247stiri.ro\/index.php\/wp-json\/wp\/v2\/comments?post=34672"}],"version-history":[{"count":0,"href":"https:\/\/247stiri.ro\/index.php\/wp-json\/wp\/v2\/posts\/34672\/revisions"}],"wp:featuredmedia":[{"embeddable":true,"href":"https:\/\/247stiri.ro\/index.php\/wp-json\/wp\/v2\/media\/34673"}],"wp:attachment":[{"href":"https:\/\/247stiri.ro\/index.php\/wp-json\/wp\/v2\/media?parent=34672"}],"wp:term":[{"taxonomy":"category","embeddable":true,"href":"https:\/\/247stiri.ro\/index.php\/wp-json\/wp\/v2\/categories?post=34672"},{"taxonomy":"post_tag","embeddable":true,"href":"https:\/\/247stiri.ro\/index.php\/wp-json\/wp\/v2\/tags?post=34672"}],"curies":[{"name":"wp","href":"https:\/\/api.w.org\/{rel}","templated":true}]}}