{"id":34738,"date":"2025-02-25T15:45:01","date_gmt":"2025-02-25T15:45:01","guid":{"rendered":"https:\/\/247stiri.ro\/index.php\/2025\/02\/25\/israelul-vrea-sa-prelungeasca-prima-faza-a-acordului-de-incetare-a-focului-in-gaza\/"},"modified":"2025-02-25T15:45:01","modified_gmt":"2025-02-25T15:45:01","slug":"israelul-vrea-sa-prelungeasca-prima-faza-a-acordului-de-incetare-a-focului-in-gaza","status":"publish","type":"post","link":"https:\/\/247stiri.ro\/index.php\/2025\/02\/25\/israelul-vrea-sa-prelungeasca-prima-faza-a-acordului-de-incetare-a-focului-in-gaza\/","title":{"rendered":"Israelul vrea s\u0103 prelungeasc\u0103 prima faz\u0103 a acordului de \u00eencetare a focului \u00een Gaza"},"content":{"rendered":"<p>Postul de radio israelian Kan \u015fi cotidianul Ma&#8217;ariv au transmis, mar\u0163i, c\u0103 au loc discu\u0163ii informale care vizeaz\u0103 prelungirea primei etape de 42 de zile a \u00eencet\u0103rii focului, care expir\u0103 s\u00e2mb\u0103t\u0103.<\/p>\n<p>Negocierile oficiale, mediate la nivel interna\u0163ional, cu privire la modul de punere \u00een aplicare a celei de-a doua etape, care ar implica o retragere complet\u0103 a Israelului din teritoriul palestinian, ar fi trebuit s\u0103 \u00eenceap\u0103 \u00een urm\u0103 cu c\u00e2teva s\u0103pt\u0103m\u00e2ni, dar au fost am\u00e2nate \u00een mod repetat pe m\u0103sur\u0103 ce armisti\u0163iul fragil a trecut din criz\u0103 \u00een criz\u0103, scrie The Guardian.<\/p>\n<p>Conform mediafax, o extindere a primei etape ar implica eliberarea de noi ostatici \u00een schimbul prizonierilor \u015fi de\u0163inu\u0163ilor palestinieni, dar oficialii israelieni sunt sceptici cu privire la fezabilitatea acestei idei.<\/p>\n<p>Acordul de \u00eencetare a focului se afl\u0103 \u00eentr-un impas dup\u0103 ce Israelul a decis s\u0103 am\u00e2ne eliberarea prizonierilor palestinieni. Biroul premierului israelian Benjamin Netanyahu a difuzat o declara\u0163ie \u00een primele ore ale zilei de duminic\u0103, \u00een care a afirmat c\u0103 statul am\u00e2n\u0103 eliberarea celor 620 de prizonieri \u015fi de\u0163inu\u0163i palestinieni \u201ep\u00e2n\u0103 c\u00e2nd eliberarea urm\u0103torilor ostatici va fi asigurat\u0103, f\u0103r\u0103 ceremonii umilitoare\u201d. El a f\u0103cut referire la pred\u0103rile de ostatici recente realizate de Hamas, despre care oficialii ONU au afirmat c\u0103 au fost \u00een contradic\u0163ie cu dreptul interna\u0163ional, deoarece nu au fost respectuoase.\u00a0<\/p>","protected":false},"excerpt":{"rendered":"<p>Postul de radio israelian Kan \u015fi cotidianul Ma&#8217;ariv au transmis, mar\u0163i, c\u0103 au loc discu\u0163ii&hellip;<\/p>\n","protected":false},"author":0,"featured_media":34739,"comment_status":"open","ping_status":"open","sticky":false,"template":"","format":"standard","meta":{"footnotes":""},"categories":[2],"tags":[],"class_list":["post-34738","post","type-post","status-publish","format-standard","has-post-thumbnail","hentry","category-actual"],"_links":{"self":[{"href":"https:\/\/247stiri.ro\/index.php\/wp-json\/wp\/v2\/posts\/34738","targetHints":{"allow":["GET"]}}],"collection":[{"href":"https:\/\/247stiri.ro\/index.php\/wp-json\/wp\/v2\/posts"}],"about":[{"href":"https:\/\/247stiri.ro\/index.php\/wp-json\/wp\/v2\/types\/post"}],"replies":[{"embeddable":true,"href":"https:\/\/247stiri.ro\/index.php\/wp-json\/wp\/v2\/comments?post=34738"}],"version-history":[{"count":0,"href":"https:\/\/247stiri.ro\/index.php\/wp-json\/wp\/v2\/posts\/34738\/revisions"}],"wp:featuredmedia":[{"embeddable":true,"href":"https:\/\/247stiri.ro\/index.php\/wp-json\/wp\/v2\/media\/34739"}],"wp:attachment":[{"href":"https:\/\/247stiri.ro\/index.php\/wp-json\/wp\/v2\/media?parent=34738"}],"wp:term":[{"taxonomy":"category","embeddable":true,"href":"https:\/\/247stiri.ro\/index.php\/wp-json\/wp\/v2\/categories?post=34738"},{"taxonomy":"post_tag","embeddable":true,"href":"https:\/\/247stiri.ro\/index.php\/wp-json\/wp\/v2\/tags?post=34738"}],"curies":[{"name":"wp","href":"https:\/\/api.w.org\/{rel}","templated":true}]}}