{"id":34835,"date":"2025-02-25T21:45:45","date_gmt":"2025-02-25T21:45:45","guid":{"rendered":"https:\/\/247stiri.ro\/index.php\/2025\/02\/25\/calin-georgescu-apel-pentru-romanii-inaintea-marelui-miting-de-sambata-voi-fi-si-eu-si-sotia-mea-in-piata-victoriei-presedintele-ales-i-a-mai-dat-o-veste-proasta-lui-caramitru\/"},"modified":"2025-02-25T21:45:45","modified_gmt":"2025-02-25T21:45:45","slug":"calin-georgescu-apel-pentru-romanii-inaintea-marelui-miting-de-sambata-voi-fi-si-eu-si-sotia-mea-in-piata-victoriei-presedintele-ales-i-a-mai-dat-o-veste-proasta-lui-caramitru","status":"publish","type":"post","link":"https:\/\/247stiri.ro\/index.php\/2025\/02\/25\/calin-georgescu-apel-pentru-romanii-inaintea-marelui-miting-de-sambata-voi-fi-si-eu-si-sotia-mea-in-piata-victoriei-presedintele-ales-i-a-mai-dat-o-veste-proasta-lui-caramitru\/","title":{"rendered":"C\u0103lin Georgescu, apel pentru rom\u00e2nii \u00eenaintea marelui miting de s\u00e2mb\u0103t\u0103. &#8222;Voi fi \u0219i eu \u0219i so\u021bia mea \u00een Pia\u021ba Victoriei&#8221;. Pre\u0219edintele ales i-a mai dat o veste proast\u0103 lui Caramitru"},"content":{"rendered":"<p>&#8222;A\u0219a cum a spus si George Simion, la r\u00e2ndul meu invita s\u00e2mb\u0103t\u0103 la ora 15 \u00een Pia\u021ba Victoriei pe to\u021bi rom\u00e2nii care cred \u00een liberate \u0219i \u00een viitorul acestui popor bun \u0219i m\u0103re\u021b. Vedem zi de zi cum sistemul \u00eencearc\u0103 s\u0103 ne distrug\u0103 min\u021bile \u0219i sufletul \u0219i nu putem s\u0103 accept\u0103m a\u0219a ceva&#8221;, a declarat C\u0103lin Georgescu la Realitatea Plus.<\/p>\n<p><a title=\"Vine cel mai mare protest. Un milion de romani ies in strada pe 1 Martie - VIDEO\" href=\"https:\/\/www.realitatea.net\/stiri\/actual\/vine-cel-mai-mare-protest-un-milion-de-romani-ies-in-strada-pe-1-martie_67bc8cbaec56d3773a2407b9\">Vine cel mai mare protest. Un milion de rom\u00e2ni ies \u00een strad\u0103 pe 1 Martie &#8211; VIDEO<\/a><\/p>\n<p>GEORGESCU: TONI GREBL\u0102 S-A OPUS SISTEMULUI<\/p>\n<p>Pre\u0219edintele ales a comentat \u0219i atacul la adresa fostului pre\u0219edinte al Autorit\u0103\u021bii Electorale Permanente, Toni Grebl\u0103.\u00a0<\/p>\n<p>&#8222;Toni Grebl\u0103 este un om care s-a opus cerin\u021belor sistemului, a vrut s\u0103 fie corect, s\u0103 nu fac\u0103 abuzuri la comanda \u0219i sistemul l-a exclus. Aceasta este misiunea sistemului, \u00een foarte mare coordonare cu externul, \u00een special cu Bruxelles.<\/p>\n<p><a title=\"Informatie-bomba lansat de George Simion: SUA nu vor recunoaste niste alegeri masluite. Am auzit si varianta ca si-ar putea retrage ambasadorul \" href=\"https:\/\/www.realitatea.net\/stiri\/actual\/scenariubomba-lansat-de-george-simion-sua-nu-vor-recunoaste-niste-alegeri-masluite-am-auzit-si-varianta-ca-siar-putea-retrage-ambasadorul_67be1e036284294825170705\">Informa\u021bie-bomb\u0103 lansat de George Simion: SUA nu vor recunoa\u0219te ni\u0219te alegeri m\u0103sluite. Am auzit \u0219i varianta c\u0103 \u0219i-ar putea retrage ambasadorul<\/a><\/p>\n<p>Eu le-am spus c\u0103 nu au nicio \u0219ans\u0103 \u0219tiu si ei \u0219i \u00eencearc\u0103 s\u0103 se opun\u0103 cu aceea\u0219i acte nu doar triviale, de persecu\u021bie pe care nici \u00eenainte de 1989 nu le-am v\u0103zut&#8221;, a afirmat C\u0103lin Georgescu, \u00een exclusivitate la Culisele Statului Paralel.<\/p>\n<p><a title=\"Toni Grebla, demis de la sefia Autoritatii Electorale pentru ca le-ar fi blocat banii celor de la PNL si a cerut o analiza a turului 2 - SURSE\" href=\"https:\/\/www.realitatea.net\/stiri\/actual\/toni-grebla-demisa-si-de-la-sefia-autoritatii-electorale-pentru-ca-a-cerut-o-analiza-a-turului-2-surse_67bdd67e6a2f372a1b6892d2\">Toni Grebl\u0103, demis de la \u0219efia Autorit\u0103\u021bii Electorale pentru c\u0103 le-ar fi blocat banii celor de la PNL \u0219i<\/a>\u00a0USR<\/p>\n<p>CARAMITRU ESTE UN EXTREMIST, ESTE PROBLEMA LUI<\/p>\n<p>Pre\u0219edintele ales a l\u0103murit \u0219i motivul pentru care a decis s\u0103 se adreseze justitie\u021bi \u00eempotriva lui Andrei Caramitru.\u00a0<\/p>\n<p>&#8222;Acest personaj consider\u0103 c\u0103 atunci c\u00e2nd ceva nu este pe placul s\u0103u trebuie s\u0103 poat\u0103 fie eliminat \u00een orice form\u0103, incluz\u00e2nd persoana mea \u0219i tot ceea ce am spus. De asemenea, un comentariu la postarea lui, poate c\u0103 \u0219ti\u021bi sau poate nu, dac\u0103 nu vi-l pun la dispozi\u021bie, a fost ca cineva s\u0103 m\u0103 loveasc\u0103 cu ma\u0219ina pentru c\u0103 este nevoie s\u0103 fiu eliminat\u201d.<\/p>\n<p>&#8222;Dac\u0103 acest Caramitru este un extremist \u0219i a\u0219a g\u00e2nde\u0219te, este problema lui. Eu nu pot s\u0103 stau nep\u0103s\u0103tor, \u0219i atunci avoca\u021bii mei au ac\u021bionat, pentru c\u0103 este o chestiune de decen\u021b\u0103 \u0219i de respect uman. Aceast\u0103 pseudocultur\u0103 pe care o afi\u0219eaz\u0103 este problema d\u00e2nsului, dar nu poate \u0219i nu trebuie s\u0103 se transforme \u00een acte de violen\u021b\u0103 pe care institu\u021biile statului s\u0103 nu le bage \u00een seam\u0103&#8221;, a cometat C\u0103lin Georgescu.\u00a0<\/p>","protected":false},"excerpt":{"rendered":"<p>&#8222;A\u0219a cum a spus si George Simion, la r\u00e2ndul meu invita s\u00e2mb\u0103t\u0103 la ora 15&hellip;<\/p>\n","protected":false},"author":0,"featured_media":34836,"comment_status":"open","ping_status":"open","sticky":false,"template":"","format":"standard","meta":{"footnotes":""},"categories":[3],"tags":[],"class_list":["post-34835","post","type-post","status-publish","format-standard","has-post-thumbnail","hentry","category-politica"],"_links":{"self":[{"href":"https:\/\/247stiri.ro\/index.php\/wp-json\/wp\/v2\/posts\/34835","targetHints":{"allow":["GET"]}}],"collection":[{"href":"https:\/\/247stiri.ro\/index.php\/wp-json\/wp\/v2\/posts"}],"about":[{"href":"https:\/\/247stiri.ro\/index.php\/wp-json\/wp\/v2\/types\/post"}],"replies":[{"embeddable":true,"href":"https:\/\/247stiri.ro\/index.php\/wp-json\/wp\/v2\/comments?post=34835"}],"version-history":[{"count":0,"href":"https:\/\/247stiri.ro\/index.php\/wp-json\/wp\/v2\/posts\/34835\/revisions"}],"wp:featuredmedia":[{"embeddable":true,"href":"https:\/\/247stiri.ro\/index.php\/wp-json\/wp\/v2\/media\/34836"}],"wp:attachment":[{"href":"https:\/\/247stiri.ro\/index.php\/wp-json\/wp\/v2\/media?parent=34835"}],"wp:term":[{"taxonomy":"category","embeddable":true,"href":"https:\/\/247stiri.ro\/index.php\/wp-json\/wp\/v2\/categories?post=34835"},{"taxonomy":"post_tag","embeddable":true,"href":"https:\/\/247stiri.ro\/index.php\/wp-json\/wp\/v2\/tags?post=34835"}],"curies":[{"name":"wp","href":"https:\/\/api.w.org\/{rel}","templated":true}]}}