{"id":34847,"date":"2025-02-25T22:46:01","date_gmt":"2025-02-25T22:46:01","guid":{"rendered":"https:\/\/247stiri.ro\/index.php\/2025\/02\/25\/canadienii-au-initat-o-petitie-pentru-a-i-retrage-cetatenia-lui-elon-musk-cati-au-semnat-pana-in-prezent\/"},"modified":"2025-02-25T22:46:01","modified_gmt":"2025-02-25T22:46:01","slug":"canadienii-au-initat-o-petitie-pentru-a-i-retrage-cetatenia-lui-elon-musk-cati-au-semnat-pana-in-prezent","status":"publish","type":"post","link":"https:\/\/247stiri.ro\/index.php\/2025\/02\/25\/canadienii-au-initat-o-petitie-pentru-a-i-retrage-cetatenia-lui-elon-musk-cati-au-semnat-pana-in-prezent\/","title":{"rendered":"Canadienii au ini\u021bat o peti\u021bie pentru a-i retrage cet\u0103\u021benia lui Elon Musk. C\u00e2\u021bi au semnat p\u00e2n\u0103 \u00een prezent"},"content":{"rendered":"<p>Potrivit peti\u021biei, consilierul omniprezent al pre\u0219edintelui Statelor Unite &#8216;a devenit acum membru al unui guvern str\u0103in care \u00eencearc\u0103 s\u0103 \u0219tearg\u0103 suveranitatea canadian\u0103&#8217;, \u00een referire la amenin\u021b\u0103rile lui Donald Trump de a face din Canada al 51-lea stat american, folosind &#8216;for\u021ba economic\u0103&#8217; pentru a-\u0219i anexa vecinul din nord.N\u0103scut \u00een Africa de Sud, proprietarul produc\u0103torului de vehicule electrice Tesla, al companiei aerospa\u021biale SpaceX \u0219i al platformei de social media X de\u021bine cet\u0103\u021benia canadian\u0103 prin mama sa, Maye Musk, care este originar\u0103 din provincia Saskatchewan (centru).Cel care a fost naturalizat cet\u0103\u021bean al Statelor Unite \u00een 2002 a fost \u00eens\u0103rcinat de Donald Trump s\u0103 reduc\u0103 cheltuielile publice cu Comisia sa pentru eficien\u021b\u0103 guvernamental\u0103&#8217; (DOGE), pentru a reduce dimensiunea guvernului federal.<\/p>\n<p><a title='Elon Musk, reactie la declaratiile lui Siegfried Muresan: ,,A incercat sa intervina in alegerile din SUA\"' href=\"https:\/\/www.realitatea.net\/stiri\/actual\/elon-musk-reactie-la-declaratiile-lui-siegfried-muresan-a-incercat-sa-intervina-in-alegerile-din-sua_67bc4fade2643032f021b3b2\">Elon Musk, reac\u021bie la declara\u021biile lui Siegfried Mure\u0219an: \u201eA \u00eencercat s\u0103 intervin\u0103 \u00een alegerile din SUA\u201d<\/a>&#8216;Oameni precum Elon Musk sunt du\u0219mani ai \u021b\u0103rii noastre la ora actual\u0103&#8217;, a declarat pentru AFP deputatul NPD Charlie Angus, care sus\u021bine peti\u021bia depus\u0103 pe 20 februarie \u00een Parlamentul canadian.Peti\u021bia &#8216;ofer\u0103 oamenilor posibilitatea de a-\u0219i exprima furia \u00eentemeiat\u0103 fa\u021b\u0103 de puterea \u00een cre\u0219tere a oligarhilor \u0219i a extremi\u0219tilor&#8217;, a ad\u0103ugat el.&#8217;Canada nu este o \u021bar\u0103 real\u0103&#8217;, a scris Elon Musk pe re\u021belele sociale ca r\u0103spuns la peti\u021bie.Omul de afaceri, care caut\u0103 s\u0103 exercite influen\u021b\u0103 politic\u0103 \u00een mai multe \u021b\u0103ri, a criticat \u00een repetate r\u00e2nduri politicile premierului canadian Justin Trudeau \u0219i l-a sus\u021binut \u00een decembrie pe oponentul s\u0103u, Pierre Poilievre, liderul Partidului Conservator, scrie Agerpres.Potrivit guvernului canadian, cet\u0103\u021benia poate fi revocat\u0103 dac\u0103 un cet\u0103\u021bean a comis o fraud\u0103, a f\u0103cut o declara\u021bie fals\u0103 sau a ascuns cu bun\u0103 \u0219tiin\u021b\u0103 informa\u021bii \u00eentr-o cerere de imigrare sau de cet\u0103\u021benie.<\/p>\n<p><a title=\"Elon Musk s-a razgandit in privinta angajatilor federali amenintati initial cu concedierea\" href=\"https:\/\/www.realitatea.net\/stiri\/actual\/elon-musk-sa-razgandit-in-privinta-angajatilor-federali-amenintati-initial-cu-concedierea_67bdd014f7e7ee540f2d38c9\">Elon Musk s-a r\u0103zg\u00e2ndit \u00een privin\u021ba angaja\u021bilor federali amenin\u021ba\u021bi ini\u021bial cu concedierea<\/a><\/p>","protected":false},"excerpt":{"rendered":"<p>Potrivit peti\u021biei, consilierul omniprezent al pre\u0219edintelui Statelor Unite &#8216;a devenit acum membru al unui guvern&hellip;<\/p>\n","protected":false},"author":0,"featured_media":34846,"comment_status":"open","ping_status":"open","sticky":false,"template":"","format":"standard","meta":{"footnotes":""},"categories":[2],"tags":[],"class_list":["post-34847","post","type-post","status-publish","format-standard","has-post-thumbnail","hentry","category-actual"],"_links":{"self":[{"href":"https:\/\/247stiri.ro\/index.php\/wp-json\/wp\/v2\/posts\/34847","targetHints":{"allow":["GET"]}}],"collection":[{"href":"https:\/\/247stiri.ro\/index.php\/wp-json\/wp\/v2\/posts"}],"about":[{"href":"https:\/\/247stiri.ro\/index.php\/wp-json\/wp\/v2\/types\/post"}],"replies":[{"embeddable":true,"href":"https:\/\/247stiri.ro\/index.php\/wp-json\/wp\/v2\/comments?post=34847"}],"version-history":[{"count":0,"href":"https:\/\/247stiri.ro\/index.php\/wp-json\/wp\/v2\/posts\/34847\/revisions"}],"wp:featuredmedia":[{"embeddable":true,"href":"https:\/\/247stiri.ro\/index.php\/wp-json\/wp\/v2\/media\/34846"}],"wp:attachment":[{"href":"https:\/\/247stiri.ro\/index.php\/wp-json\/wp\/v2\/media?parent=34847"}],"wp:term":[{"taxonomy":"category","embeddable":true,"href":"https:\/\/247stiri.ro\/index.php\/wp-json\/wp\/v2\/categories?post=34847"},{"taxonomy":"post_tag","embeddable":true,"href":"https:\/\/247stiri.ro\/index.php\/wp-json\/wp\/v2\/tags?post=34847"}],"curies":[{"name":"wp","href":"https:\/\/api.w.org\/{rel}","templated":true}]}}