{"id":3492,"date":"2024-10-31T21:27:46","date_gmt":"2024-10-31T21:27:46","guid":{"rendered":"https:\/\/247stiri.ro\/index.php\/2024\/10\/31\/razboi-in-ucraina-militari-din-coreea-de-nord-asteapta-sa-intre-in-lupta-alaturi-de-rusi-pe-frontul-de-la-kursk\/"},"modified":"2024-10-31T21:27:46","modified_gmt":"2024-10-31T21:27:46","slug":"razboi-in-ucraina-militari-din-coreea-de-nord-asteapta-sa-intre-in-lupta-alaturi-de-rusi-pe-frontul-de-la-kursk","status":"publish","type":"post","link":"https:\/\/247stiri.ro\/index.php\/2024\/10\/31\/razboi-in-ucraina-militari-din-coreea-de-nord-asteapta-sa-intre-in-lupta-alaturi-de-rusi-pe-frontul-de-la-kursk\/","title":{"rendered":"R\u0103zboi \u00een Ucraina. Militari din Coreea de Nord a\u0219teapt\u0103 s\u0103 intre \u00een lupt\u0103, al\u0103turi de ru\u0219i, pe frontul de la Kursk"},"content":{"rendered":"<p>Vorbind la o conferin\u0163\u0103 de pres\u0103 dup\u0103 o \u00eent\u00e2lnire cu secretarul american al ap\u0103r\u0103rii Lloyd Austin \u015fi cu omologii lor sud-coreeni, Antony Blinken a spus c\u0103 Rusia a instruit solda\u0163ii nord-coreeni \u00een artilerie, utilizarea dronelor \u015fi opera\u0163iuni de baz\u0103 ale infanteriei, ceea ce sugereaz\u0103 faptul c\u0103 armata rus\u0103 inten\u0163ioneaz\u0103 s\u0103 foloseasc\u0103 trupele nord-coreene \u00een opera\u0163iunile din prima linie.<\/p>\n<p>Aparent \u00eens\u0103 angajarea acestor trupe nord-coreene \u00een lupt\u0103 ar urma s\u0103 se desf\u0103\u015foare doar \u00een provincia rus\u0103 Kursk, unde armata ucrainean\u0103 a ocupat un teritoriu \u00een urma unei ofensive surpriz\u0103 lansate pe 6 august \u015fi unde, potrivit secretarului american de stat, se afl\u0103 \u00een prezent circa 8.000 din cei aproximativ 10.000 de solda\u0163i trimi\u015fi de Coreea de Nord \u00een Rusia.<\/p>\n<p>&#8222;Nu am v\u0103zut deocamdat\u0103 ca aceste trupe s\u0103 fie desf\u0103\u015furate \u00eempotriva for\u0163elor ucrainene, dar ne a\u015ftept\u0103m ca acest lucru s\u0103 se \u00eent\u00e2mple \u00een zilele urm\u0103toare&#8221;, a indicat Blinken.<\/p>\n<p>Tot \u00een zilele urm\u0103toare Statele Unite vor anun\u0163a un nou pachet de ajutor militar pentru Ucraina, a declarat la r\u00e2ndul s\u0103u secretarul american al ap\u0103r\u0103rii, Lloyd Austin.<\/p>","protected":false},"excerpt":{"rendered":"<p>Vorbind la o conferin\u0163\u0103 de pres\u0103 dup\u0103 o \u00eent\u00e2lnire cu secretarul american al ap\u0103r\u0103rii Lloyd&hellip;<\/p>\n","protected":false},"author":0,"featured_media":3481,"comment_status":"open","ping_status":"open","sticky":false,"template":"","format":"standard","meta":{"footnotes":""},"categories":[2],"tags":[],"class_list":["post-3492","post","type-post","status-publish","format-standard","has-post-thumbnail","hentry","category-actual"],"_links":{"self":[{"href":"https:\/\/247stiri.ro\/index.php\/wp-json\/wp\/v2\/posts\/3492","targetHints":{"allow":["GET"]}}],"collection":[{"href":"https:\/\/247stiri.ro\/index.php\/wp-json\/wp\/v2\/posts"}],"about":[{"href":"https:\/\/247stiri.ro\/index.php\/wp-json\/wp\/v2\/types\/post"}],"replies":[{"embeddable":true,"href":"https:\/\/247stiri.ro\/index.php\/wp-json\/wp\/v2\/comments?post=3492"}],"version-history":[{"count":0,"href":"https:\/\/247stiri.ro\/index.php\/wp-json\/wp\/v2\/posts\/3492\/revisions"}],"wp:featuredmedia":[{"embeddable":true,"href":"https:\/\/247stiri.ro\/index.php\/wp-json\/wp\/v2\/media\/3481"}],"wp:attachment":[{"href":"https:\/\/247stiri.ro\/index.php\/wp-json\/wp\/v2\/media?parent=3492"}],"wp:term":[{"taxonomy":"category","embeddable":true,"href":"https:\/\/247stiri.ro\/index.php\/wp-json\/wp\/v2\/categories?post=3492"},{"taxonomy":"post_tag","embeddable":true,"href":"https:\/\/247stiri.ro\/index.php\/wp-json\/wp\/v2\/tags?post=3492"}],"curies":[{"name":"wp","href":"https:\/\/api.w.org\/{rel}","templated":true}]}}