{"id":35125,"date":"2025-02-26T20:44:45","date_gmt":"2025-02-26T20:44:45","guid":{"rendered":"https:\/\/247stiri.ro\/index.php\/2025\/02\/26\/povestea-lui-ali-barbatul-care-s-a-mutat-intr-o-pestera-de-frica-cutremurelor-aici-ma-simt-in-siguranta\/"},"modified":"2025-02-26T20:44:45","modified_gmt":"2025-02-26T20:44:45","slug":"povestea-lui-ali-barbatul-care-s-a-mutat-intr-o-pestera-de-frica-cutremurelor-aici-ma-simt-in-siguranta","status":"publish","type":"post","link":"https:\/\/247stiri.ro\/index.php\/2025\/02\/26\/povestea-lui-ali-barbatul-care-s-a-mutat-intr-o-pestera-de-frica-cutremurelor-aici-ma-simt-in-siguranta\/","title":{"rendered":"Povestea lui Ali, b\u0103rbatul care s-a mutat \u00eentr-o pe\u0219ter\u0103 de frica cutremurelor: \u201eAici m\u0103 simt \u00een siguran\u021b\u0103\u201d"},"content":{"rendered":"<p>Un refugiu natural, o decizie definitiv\u0103<\/p>\n<p>Ali Bozo\u011flan, un b\u0103rbat de 55 de ani din provincia Hatay, \u0219i-a pierdut <a href=\"https:\/\/www.realitatea.net\/stiri\/extern\/cutremur-devastator-in-turcia-un-bloc-intreg-sa-prabusit_679665f5c42b2950b106c1d2\" target=\"_blank\">casa \u00een urma cutremurului<\/a> de 7,8 grade care a lovit sudul Turciei pe 6 februarie 2023. De\u0219i el \u0219i familia sa au supravie\u021buit, frica de un nou dezastru l-a determinat s\u0103 p\u0103r\u0103seasc\u0103 ora\u0219ul \u0219i s\u0103 se stabileasc\u0103 \u00eentr-o pe\u0219ter\u0103 la marginea a\u0219ez\u0103rii sale.<\/p>\n<p>\u201eTr\u0103iesc aici de doi ani \u0219i mi-am g\u0103sit lini\u0219tea. Aceast\u0103 pe\u0219ter\u0103 exist\u0103 de mii de ani \u0219i nu s-a pr\u0103bu\u0219it niciodat\u0103\u201d, a declarat Ali pentru TGRT Haber.<\/p>\n<p>A refuzat o cas\u0103 oferit\u0103 de stat<\/p>\n<p>Dup\u0103 ce povestea lui a devenit cunoscut\u0103, autorit\u0103\u021bile locale i-au oferit o locuin\u021b\u0103, \u00eens\u0103 Ali a refuzat categoric. B\u0103rbatul spune c\u0103 s-a obi\u0219nuit cu via\u021ba \u00een pe\u0219ter\u0103 \u0219i nu mai dore\u0219te s\u0103 se \u00eentoarc\u0103 \u00eentr-o cas\u0103 construit\u0103 de m\u00e2na omului.<\/p>\n<p>\u201e\u00cemi fac singur cur\u0103\u021benie, g\u0103tesc \u0219i m\u0103 descurc cu treburile zilnice. Nu am nevoie de mai mult. Sunt departe de toat\u0103 agita\u021bia ora\u0219ului \u0219i m\u0103 simt mai aproape de natur\u0103\u201d, a spus el.<\/p>\n<p>De\u0219i recunoa\u0219te c\u0103 traiul \u00een pe\u0219ter\u0103 nu este lipsit de provoc\u0103ri \u2013 prezen\u021ba \u0219erpilor \u0219i a roz\u0103toarelor fiind un disconfort major \u2013 Ali spune c\u0103 s-a obi\u0219nuit \u0219i nu \u00ee\u0219i dore\u0219te s\u0103 plece. Singurele lucruri care \u00eei lipsesc sunt o surs\u0103 de ap\u0103 curent\u0103 \u0219i o toalet\u0103 adecvat\u0103, \u00eens\u0103 sper\u0103 s\u0103 g\u0103seasc\u0103 o solu\u021bie.<\/p>\n<p>Planuri pentru un trai mai confortabil<\/p>\n<p>\u00cen \u00eencercarea de a-\u0219i \u00eembun\u0103t\u0103\u021bi condi\u021biile de via\u021b\u0103, Ali pl\u0103nuie\u0219te s\u0103 instaleze panouri solare pentru a putea folosi o ma\u0219in\u0103 de sp\u0103lat \u0219i un frigider. Cu toate acestea, chiar dac\u0103 planul s\u0103u nu va func\u021biona, spune c\u0103 nu inten\u021bioneaz\u0103 s\u0103 renun\u021be la noua sa cas\u0103.<\/p>\n<p>\u201eUnii oameni m\u0103 critic\u0103 pentru alegerea mea, dar nu m\u0103 cunosc. Eu sunt fericit aici\u201d, a concluzionat el.<\/p>\n<p>Povestea lui Ali Bozo\u011flan este un exemplu de rezilien\u021b\u0103, dar \u0219i de impact profund pe care <a href=\"https:\/\/www.realitatea.net\/stiri\/extern\/ce-pedepse-au-primit-patronul-si-arhitectul-hotelului-prabusit-in-turcia-72-de-oameni-au-murit_676d0d304fd94f74987b570a\" target=\"_blank\">un dezastru natural<\/a> \u00eel poate avea asupra psihicului uman.<\/p>","protected":false},"excerpt":{"rendered":"<p>Un refugiu natural, o decizie definitiv\u0103 Ali Bozo\u011flan, un b\u0103rbat de 55 de ani din&hellip;<\/p>\n","protected":false},"author":0,"featured_media":35126,"comment_status":"open","ping_status":"open","sticky":false,"template":"","format":"standard","meta":{"footnotes":""},"categories":[4],"tags":[],"class_list":["post-35125","post","type-post","status-publish","format-standard","has-post-thumbnail","hentry","category-extern"],"_links":{"self":[{"href":"https:\/\/247stiri.ro\/index.php\/wp-json\/wp\/v2\/posts\/35125","targetHints":{"allow":["GET"]}}],"collection":[{"href":"https:\/\/247stiri.ro\/index.php\/wp-json\/wp\/v2\/posts"}],"about":[{"href":"https:\/\/247stiri.ro\/index.php\/wp-json\/wp\/v2\/types\/post"}],"replies":[{"embeddable":true,"href":"https:\/\/247stiri.ro\/index.php\/wp-json\/wp\/v2\/comments?post=35125"}],"version-history":[{"count":0,"href":"https:\/\/247stiri.ro\/index.php\/wp-json\/wp\/v2\/posts\/35125\/revisions"}],"wp:featuredmedia":[{"embeddable":true,"href":"https:\/\/247stiri.ro\/index.php\/wp-json\/wp\/v2\/media\/35126"}],"wp:attachment":[{"href":"https:\/\/247stiri.ro\/index.php\/wp-json\/wp\/v2\/media?parent=35125"}],"wp:term":[{"taxonomy":"category","embeddable":true,"href":"https:\/\/247stiri.ro\/index.php\/wp-json\/wp\/v2\/categories?post=35125"},{"taxonomy":"post_tag","embeddable":true,"href":"https:\/\/247stiri.ro\/index.php\/wp-json\/wp\/v2\/tags?post=35125"}],"curies":[{"name":"wp","href":"https:\/\/api.w.org\/{rel}","templated":true}]}}