{"id":35136,"date":"2025-02-26T21:44:45","date_gmt":"2025-02-26T21:44:45","guid":{"rendered":"https:\/\/247stiri.ro\/index.php\/2025\/02\/26\/un-cuplu-si-a-numit-copilul-dupa-putin-si-trump-ce-nume-poarta-micutul\/"},"modified":"2025-02-26T21:44:45","modified_gmt":"2025-02-26T21:44:45","slug":"un-cuplu-si-a-numit-copilul-dupa-putin-si-trump-ce-nume-poarta-micutul","status":"publish","type":"post","link":"https:\/\/247stiri.ro\/index.php\/2025\/02\/26\/un-cuplu-si-a-numit-copilul-dupa-putin-si-trump-ce-nume-poarta-micutul\/","title":{"rendered":"Un cuplu \u0219i-a numit copilul dup\u0103 Putin \u0219i Trump. Ce nume poart\u0103 micu\u021bul"},"content":{"rendered":"<p>Vladimir locuie\u0219te \u00eentr-un sat de l\u00e2ng\u0103 Minsk, iar Elena lucreaz\u0103 ca flor\u0103reas\u0103, \u00een timp ce so\u021bul s\u0103u lucreaz\u0103 de la distan\u021b\u0103 ca programator.<\/p>\n<p>Nume neobi\u0219nuit pentru un copil<\/p>\n<p>\u00cen luna februarie a acestui an, cei doi au devenit p\u0103rin\u021bi pentru prima dat\u0103. Dup\u0103 o perioad\u0103 de reflec\u021bie, au ales <a href=\"https:\/\/www.realitatea.net\/stiri\/lifestyle\/ce-nume-primeau-copiii-in-urma-cu-jumatate-de-secol-cele-mai-populare-10-nume_66d9840dc0746d4133339102\" target=\"_blank\">s\u0103 dea copilului lor un nume neobi\u0219nuit<\/a>: Vladimirovici Trump. Potrivit unui interviu acordat pentru Sib FM, Vladimir a subliniat c\u0103 alegerea numelui nu a fost neap\u0103rat o referin\u021b\u0103 politic\u0103, ci mai degrab\u0103 o decizie legat\u0103 de etimologia numelui \u0219i dorin\u021ba de a-i oferi copilului un nume unic. \u201eVrem ca numele copilului s\u0103 fie unul rar, care s\u0103 devin\u0103 special \u00een c\u00e2\u021biva ani,\u201d a spus Vladimir.<\/p>\n<p>Familia nu a primit \u00eenc\u0103 certificatul de na\u0219tere al copilului, iar alegerea numelui a st\u00e2rnit curiozitatea \u00een r\u00e2ndul celor care au aflat despre aceasta. Alegerea unui nume combin\u00e2nd dou\u0103 figuri politice de renume mondial, Vladimir Putin \u0219i Donald Trump, a fost cu siguran\u021b\u0103 o surpriz\u0103 pentru mul\u021bi, \u00eens\u0103 p\u0103rin\u021bii au dorit s\u0103 sublinieze c\u0103 acest nume are multiple semnifica\u021bii \u0219i <a href=\"https:\/\/www.realitatea.net\/stiri\/lifestyle\/ce-nume-de-copii-sunt-interzise-in-romania-ce-spune-codul-civil-daca-parintii-nu-vor-sa-renunte-la-alegerea-loc_661e35fe5c7bbd282512f7ba\" target=\"_blank\">nu este legat de o orientare politic\u0103 anume.<\/a><\/p>","protected":false},"excerpt":{"rendered":"<p>Vladimir locuie\u0219te \u00eentr-un sat de l\u00e2ng\u0103 Minsk, iar Elena lucreaz\u0103 ca flor\u0103reas\u0103, \u00een timp ce&hellip;<\/p>\n","protected":false},"author":0,"featured_media":35137,"comment_status":"open","ping_status":"open","sticky":false,"template":"","format":"standard","meta":{"footnotes":""},"categories":[4],"tags":[],"class_list":["post-35136","post","type-post","status-publish","format-standard","has-post-thumbnail","hentry","category-extern"],"_links":{"self":[{"href":"https:\/\/247stiri.ro\/index.php\/wp-json\/wp\/v2\/posts\/35136","targetHints":{"allow":["GET"]}}],"collection":[{"href":"https:\/\/247stiri.ro\/index.php\/wp-json\/wp\/v2\/posts"}],"about":[{"href":"https:\/\/247stiri.ro\/index.php\/wp-json\/wp\/v2\/types\/post"}],"replies":[{"embeddable":true,"href":"https:\/\/247stiri.ro\/index.php\/wp-json\/wp\/v2\/comments?post=35136"}],"version-history":[{"count":0,"href":"https:\/\/247stiri.ro\/index.php\/wp-json\/wp\/v2\/posts\/35136\/revisions"}],"wp:featuredmedia":[{"embeddable":true,"href":"https:\/\/247stiri.ro\/index.php\/wp-json\/wp\/v2\/media\/35137"}],"wp:attachment":[{"href":"https:\/\/247stiri.ro\/index.php\/wp-json\/wp\/v2\/media?parent=35136"}],"wp:term":[{"taxonomy":"category","embeddable":true,"href":"https:\/\/247stiri.ro\/index.php\/wp-json\/wp\/v2\/categories?post=35136"},{"taxonomy":"post_tag","embeddable":true,"href":"https:\/\/247stiri.ro\/index.php\/wp-json\/wp\/v2\/tags?post=35136"}],"curies":[{"name":"wp","href":"https:\/\/api.w.org\/{rel}","templated":true}]}}