{"id":35140,"date":"2025-02-26T21:44:48","date_gmt":"2025-02-26T21:44:48","guid":{"rendered":"https:\/\/247stiri.ro\/index.php\/2025\/02\/26\/procurorii-explica-de-ce-parchetul-de-pe-langa-iccj-se-ocupa-de-dosarul-calin-georgescu-este-implicat-si-un-magistrat\/"},"modified":"2025-02-26T21:44:48","modified_gmt":"2025-02-26T21:44:48","slug":"procurorii-explica-de-ce-parchetul-de-pe-langa-iccj-se-ocupa-de-dosarul-calin-georgescu-este-implicat-si-un-magistrat","status":"publish","type":"post","link":"https:\/\/247stiri.ro\/index.php\/2025\/02\/26\/procurorii-explica-de-ce-parchetul-de-pe-langa-iccj-se-ocupa-de-dosarul-calin-georgescu-este-implicat-si-un-magistrat\/","title":{"rendered":"Procurorii explic\u0103 de ce Parchetul de pe l\u00e2ng\u0103 \u00ceCCJ se ocup\u0103 de dosarul C\u0103lin Georgescu: Este implicat \u0219i un magistrat"},"content":{"rendered":"<p>\u201d\u00cen cadrul dosarului care face obiectul comunicatului de pres\u0103 men\u021bionat anterior, se efectueaz\u0103 cercet\u0103ri \u0219i in raport de sprijinirea activit\u0103\u021bilor infrac\u021bionale de c\u0103tre o persoan\u0103 care are calitatea de magistrat. Potrivit prevederilor Legii nr. 49\/2022, \u00een asemenea situa\u021bii, competen\u021ba de solu\u021bionare apar\u021bine exclusiv Parchetului de pe l\u00e2ng\u0103 \u00cenalta Curte de Casa\u021bie \u0219i Justi\u021bie in raport de toate infrac\u021biunile ce fac obiectul cercet\u0103rilor\u201d, precizeaz\u0103 Parchetul de pe l\u00e2ng\u0103 \u00cenalta Curte de Casa\u021bie \u0219i Justi\u021bie.<\/p>\n<p>Totodat\u0103, men\u021bion\u0103m c\u0103, \u00een raport de infrac\u021biunile aflate \u00een competen\u021ba de solu\u021bionare prev\u0103zut\u0103 de lege pentru unit\u0103\u021bile de parchet ierarhic inferioare, cauzele instrumentate de acestea au fost preluate, \u00een baza art. 325 Cod de procedur\u0103 penal\u0103, de c\u0103tre Parchetul de pe l\u00e2ng\u0103 \u00cenalta Curte de Casa\u021bie \u0219i Justi\u021bie \u00een vederea efectu\u0103rii urm\u0103ririi penale\u201d, se precizeaz\u0103 \u00een comunicat.<\/p>\n<p>Explica\u021biile \u00ceCCJ vin dup\u0103 ce o publica\u021bie juridic\u0103 a atras aten\u021bia c\u0103 dosarul trebuia instrumentat de DIICOR, nu de \u00ceCCj.<\/p>","protected":false},"excerpt":{"rendered":"<p>\u201d\u00cen cadrul dosarului care face obiectul comunicatului de pres\u0103 men\u021bionat anterior, se efectueaz\u0103 cercet\u0103ri \u0219i&hellip;<\/p>\n","protected":false},"author":0,"featured_media":35141,"comment_status":"open","ping_status":"open","sticky":false,"template":"","format":"standard","meta":{"footnotes":""},"categories":[2],"tags":[],"class_list":["post-35140","post","type-post","status-publish","format-standard","has-post-thumbnail","hentry","category-actual"],"_links":{"self":[{"href":"https:\/\/247stiri.ro\/index.php\/wp-json\/wp\/v2\/posts\/35140","targetHints":{"allow":["GET"]}}],"collection":[{"href":"https:\/\/247stiri.ro\/index.php\/wp-json\/wp\/v2\/posts"}],"about":[{"href":"https:\/\/247stiri.ro\/index.php\/wp-json\/wp\/v2\/types\/post"}],"replies":[{"embeddable":true,"href":"https:\/\/247stiri.ro\/index.php\/wp-json\/wp\/v2\/comments?post=35140"}],"version-history":[{"count":0,"href":"https:\/\/247stiri.ro\/index.php\/wp-json\/wp\/v2\/posts\/35140\/revisions"}],"wp:featuredmedia":[{"embeddable":true,"href":"https:\/\/247stiri.ro\/index.php\/wp-json\/wp\/v2\/media\/35141"}],"wp:attachment":[{"href":"https:\/\/247stiri.ro\/index.php\/wp-json\/wp\/v2\/media?parent=35140"}],"wp:term":[{"taxonomy":"category","embeddable":true,"href":"https:\/\/247stiri.ro\/index.php\/wp-json\/wp\/v2\/categories?post=35140"},{"taxonomy":"post_tag","embeddable":true,"href":"https:\/\/247stiri.ro\/index.php\/wp-json\/wp\/v2\/tags?post=35140"}],"curies":[{"name":"wp","href":"https:\/\/api.w.org\/{rel}","templated":true}]}}