{"id":35148,"date":"2025-02-26T21:44:50","date_gmt":"2025-02-26T21:44:50","guid":{"rendered":"https:\/\/247stiri.ro\/index.php\/2025\/02\/26\/romania-reactioneaza-oficial-la-postarea-unui-ministru-ungar-cu-harta-ungariei-mari\/"},"modified":"2025-02-26T21:44:50","modified_gmt":"2025-02-26T21:44:50","slug":"romania-reactioneaza-oficial-la-postarea-unui-ministru-ungar-cu-harta-ungariei-mari","status":"publish","type":"post","link":"https:\/\/247stiri.ro\/index.php\/2025\/02\/26\/romania-reactioneaza-oficial-la-postarea-unui-ministru-ungar-cu-harta-ungariei-mari\/","title":{"rendered":"Rom\u00e2nia reac\u021bioneaz\u0103 oficial la postarea unui ministru ungar cu harta Ungariei Mari"},"content":{"rendered":"<p>\u201eCa urmare a solicit\u0103rii dumneavoastr\u0103 legat\u0103 de publicarea, de c\u0103tre ministrul ungar al transporturilor \u0219i construc\u021biilor, J\u00e1nos L\u00e1z\u00e1r, pe pagina personal\u0103 de Facebook, a unei fotografii cu harta \u201dUngariei Mari\u201d, preciz\u0103m c\u0103 Ministerul Afacerilor Externe denun\u021b\u0103 orice tip de politici revizioniste, acest lucru fiind transmis p\u0103r\u021bii ungare cu prilejul tuturor \u00eentrevederilor la nivel de demnitari.<\/p>\n<p>\u00cen cazul specific la care face\u021bi referire, Ministerul Afacerilor Externe a transmis \u00eens\u0103rcinatului cu afaceri a.i. al Ungariei la Bucure\u0219ti dezaprobarea fa\u021b\u0103 de gestul ministrului ungar, subliniind c\u0103 orice manifestare care implic\u0103 mesaje de tip revizionist, indiferent de forma pe care o \u00eembrac\u0103, este inacceptabil\u0103, contrar\u0103 realit\u0103\u021bilor actuale \u0219i angajamentelor asumate \u00een comun de Rom\u00e2nia \u0219i Ungaria.<\/p>\n<p>Ministerul Afacerilor Externe a reiterat \u0219i pe aceast\u0103 cale pozi\u021bia transmis\u0103 constant autorit\u0103\u021bilor ungare, \u0219i anume c\u0103 astfel de abord\u0103ri nu sus\u021bin obiectivul promov\u0103rii unor rela\u021bii pragmatice, de bun\u0103 vecin\u0103tate \u0219i colaborare dintre cele dou\u0103 \u021b\u0103ri, \u00een interesul nemijlocit al tuturor cet\u0103\u021benilor rom\u00e2ni \u0219i ungari, iar istoria comun\u0103 trebuie s\u0103 r\u0103m\u00e2n\u0103 obiectul de studiu al istoricilor\u201d, se arat\u0103 \u00een mesajul transmis de MAE.<\/p>\n<p><a title=\"Alerta de calatorie de la MAE. Risc de inundatii in mai multe regiuni ale Italiei\" href=\"https:\/\/www.realitatea.net\/stiri\/actual\/alerta-de-calatorie-de-la-mae-risc-de-inundatii-in-mai-multe-regiuni-ale-italiei_67be3553a99ebf3187150a27\">Alert\u0103 de c\u0103l\u0103torie de la MAE. Risc de inunda\u021bii \u00een mai multe regiuni ale Italiei<\/a><\/p>\n<p>\u00a0<\/p>","protected":false},"excerpt":{"rendered":"<p>\u201eCa urmare a solicit\u0103rii dumneavoastr\u0103 legat\u0103 de publicarea, de c\u0103tre ministrul ungar al transporturilor \u0219i&hellip;<\/p>\n","protected":false},"author":0,"featured_media":35128,"comment_status":"open","ping_status":"open","sticky":false,"template":"","format":"standard","meta":{"footnotes":""},"categories":[2],"tags":[],"class_list":["post-35148","post","type-post","status-publish","format-standard","has-post-thumbnail","hentry","category-actual"],"_links":{"self":[{"href":"https:\/\/247stiri.ro\/index.php\/wp-json\/wp\/v2\/posts\/35148","targetHints":{"allow":["GET"]}}],"collection":[{"href":"https:\/\/247stiri.ro\/index.php\/wp-json\/wp\/v2\/posts"}],"about":[{"href":"https:\/\/247stiri.ro\/index.php\/wp-json\/wp\/v2\/types\/post"}],"replies":[{"embeddable":true,"href":"https:\/\/247stiri.ro\/index.php\/wp-json\/wp\/v2\/comments?post=35148"}],"version-history":[{"count":0,"href":"https:\/\/247stiri.ro\/index.php\/wp-json\/wp\/v2\/posts\/35148\/revisions"}],"wp:featuredmedia":[{"embeddable":true,"href":"https:\/\/247stiri.ro\/index.php\/wp-json\/wp\/v2\/media\/35128"}],"wp:attachment":[{"href":"https:\/\/247stiri.ro\/index.php\/wp-json\/wp\/v2\/media?parent=35148"}],"wp:term":[{"taxonomy":"category","embeddable":true,"href":"https:\/\/247stiri.ro\/index.php\/wp-json\/wp\/v2\/categories?post=35148"},{"taxonomy":"post_tag","embeddable":true,"href":"https:\/\/247stiri.ro\/index.php\/wp-json\/wp\/v2\/tags?post=35148"}],"curies":[{"name":"wp","href":"https:\/\/api.w.org\/{rel}","templated":true}]}}