{"id":35181,"date":"2025-02-27T06:44:48","date_gmt":"2025-02-27T06:44:48","guid":{"rendered":"https:\/\/247stiri.ro\/index.php\/2025\/02\/27\/friedrich-merz-vizita-surpriza-la-paris-cu-macron-impreuna-tarile-noastre-pot-realiza-lucruri-marete-pentru-europa\/"},"modified":"2025-02-27T06:44:48","modified_gmt":"2025-02-27T06:44:48","slug":"friedrich-merz-vizita-surpriza-la-paris-cu-macron-impreuna-tarile-noastre-pot-realiza-lucruri-marete-pentru-europa","status":"publish","type":"post","link":"https:\/\/247stiri.ro\/index.php\/2025\/02\/27\/friedrich-merz-vizita-surpriza-la-paris-cu-macron-impreuna-tarile-noastre-pot-realiza-lucruri-marete-pentru-europa\/","title":{"rendered":"Friedrich Merz, vizit\u0103 surpriz\u0103 la Paris, cu Macron: \u201d\u00cempreun\u0103, \u0163\u0103rile noastre pot realiza lucruri m\u0103re\u0163e pentru Europa\u201d"},"content":{"rendered":"<p>Friedrich Merz a efectuat miercuri o vizit\u0103 surpriz\u0103 la Paris pentru a se \u00eent\u00e2lni cu Emmanuel Macron.<\/p>\n<p>Vizita a avut loc la doar c\u00e2teva zile dup\u0103 ce alian\u0163a conservatoare CDU\/CSU a c\u00e2\u015ftigat alegerile federale din Germania.<\/p>\n<p>Potrivit mediafax, c\u0103l\u0103toria a inclus discu\u0163ii privind recenta schimbare a politicii SUA privind r\u0103zboiul din Ucraina, precum \u015fi probleme de securitate european\u0103.<\/p>\n<p>A fost prima vizit\u0103 \u00een str\u0103in\u0103tate a lui Merz de c\u00e2nd a c\u00e2\u015ftigat alegerile. Merz a postat o fotografie cu el \u015fi Macron pe paginile sale de social media, mul\u0163umindu-i pre\u015fedintelui francez pentru \u201eprietenia\u201d \u015fi \u201e\u00eencrederea \u00een rela\u0163iile germano-franceze\u201d.<\/p>\n<p>\u201e\u00cempreun\u0103, \u0163\u0103rile noastre pot realiza lucruri m\u0103re\u0163e pentru Europa\u201d, a scris Merz.<\/p>\n<p>Vielen Dank, lieber <a href=\"https:\/\/twitter.com\/EmmanuelMacron?ref_src=twsrc%5Etfw\">@EmmanuelMacron<\/a>, f\u00fcr Deine Freundschaft und Dein Vertrauen in die deutsch-franz\u00f6sischen Beziehungen. Zusammen k\u00f6nnen unsere L\u00e4nder Gro\u00dfes f\u00fcr Europa erreichen.Merci beaucoup, cher <a href=\"https:\/\/twitter.com\/EmmanuelMacron?ref_src=twsrc%5Etfw\">@EmmanuelMacron<\/a>, pour ton amiti\u00e9 et la confiance que tu accordes aux relations\u2026 <a href=\"https:\/\/t.co\/eXv0tWqQ3h\">pic.twitter.com\/eXv0tWqQ3h<\/a><\/p>\n<p>\u2014 Friedrich Merz (@_FriedrichMerz) <a href=\"https:\/\/twitter.com\/_FriedrichMerz\/status\/1894882937155305594?ref_src=twsrc%5Etfw\">February 26, 2025<\/a><\/p>","protected":false},"excerpt":{"rendered":"<p>Friedrich Merz a efectuat miercuri o vizit\u0103 surpriz\u0103 la Paris pentru a se \u00eent\u00e2lni cu&hellip;<\/p>\n","protected":false},"author":0,"featured_media":35182,"comment_status":"open","ping_status":"open","sticky":false,"template":"","format":"standard","meta":{"footnotes":""},"categories":[2],"tags":[],"class_list":["post-35181","post","type-post","status-publish","format-standard","has-post-thumbnail","hentry","category-actual"],"_links":{"self":[{"href":"https:\/\/247stiri.ro\/index.php\/wp-json\/wp\/v2\/posts\/35181","targetHints":{"allow":["GET"]}}],"collection":[{"href":"https:\/\/247stiri.ro\/index.php\/wp-json\/wp\/v2\/posts"}],"about":[{"href":"https:\/\/247stiri.ro\/index.php\/wp-json\/wp\/v2\/types\/post"}],"replies":[{"embeddable":true,"href":"https:\/\/247stiri.ro\/index.php\/wp-json\/wp\/v2\/comments?post=35181"}],"version-history":[{"count":0,"href":"https:\/\/247stiri.ro\/index.php\/wp-json\/wp\/v2\/posts\/35181\/revisions"}],"wp:featuredmedia":[{"embeddable":true,"href":"https:\/\/247stiri.ro\/index.php\/wp-json\/wp\/v2\/media\/35182"}],"wp:attachment":[{"href":"https:\/\/247stiri.ro\/index.php\/wp-json\/wp\/v2\/media?parent=35181"}],"wp:term":[{"taxonomy":"category","embeddable":true,"href":"https:\/\/247stiri.ro\/index.php\/wp-json\/wp\/v2\/categories?post=35181"},{"taxonomy":"post_tag","embeddable":true,"href":"https:\/\/247stiri.ro\/index.php\/wp-json\/wp\/v2\/tags?post=35181"}],"curies":[{"name":"wp","href":"https:\/\/api.w.org\/{rel}","templated":true}]}}