{"id":35187,"date":"2025-02-27T06:44:50","date_gmt":"2025-02-27T06:44:50","guid":{"rendered":"https:\/\/247stiri.ro\/index.php\/2025\/02\/27\/circulatia-de-pe-mai-multe-sosele-din-romania-afectata-de-ceata\/"},"modified":"2025-02-27T06:44:50","modified_gmt":"2025-02-27T06:44:50","slug":"circulatia-de-pe-mai-multe-sosele-din-romania-afectata-de-ceata","status":"publish","type":"post","link":"https:\/\/247stiri.ro\/index.php\/2025\/02\/27\/circulatia-de-pe-mai-multe-sosele-din-romania-afectata-de-ceata\/","title":{"rendered":"Circula\u021bia de pe mai multe \u0219osele din Rom\u00e2nia, afectat\u0103 de cea\u021b\u0103"},"content":{"rendered":"<p>Centrul Infotrafic din Inspectoratul General al Poli\u0163iei Rom\u00e2ne informeaz\u0103 c\u0103 joi diminea\u021b\u0103 pe DN 2G, localitatea Valea Budului, jude\u021bul Bac\u0103u, s-a produs un accident rutier \u00een care au fost implicate un autoturism \u0219i o autoutilitar\u0103. \u00cen urma impactului au rezultat trei victime, care sunt transportate la spital. Circula\u021bia rutier\u0103 se desf\u0103\u0219oar\u0103 pe un singur fir, alternativ, prin dirijarea poli\u021biei, au anun\u021bat autorit\u0103\u021bile.<\/p>\n<p>De asemenea, \u201ese circul\u0103 \u00een condi\u021bii de cea\u021b\u0103, care reduce vizibilitatea \u00een trafic sub 200 de metri, pe mai multe artere rutiere din jude\u021bele Br\u0103ila, Buz\u0103u, C\u0103l\u0103ra\u0219i, Ialomi\u021ba, Ilfov, Neam\u021b, Suceava \u0219i Vrancea.\u201d<\/p>\n<p>\u0218i pe autostr\u0103zile A 0 \u2013 Centura Capitalei (tronsonul nordic) \u0219i A 3 Bucure\u0219ti \u2013 Ploie\u0219ti este cea\u021b\u0103, cu vizibilitate sc\u0103zut\u0103 pe alocuri sub 50 de metri.<\/p>\n<p>Totodat\u0103, \u00eencep\u00e2nd cu ora 07:00, s-a \u00eenchis circula\u021bia rutier\u0103 pe DN 7, \u00eentre localit\u0103\u021bile Gothatea \u0219i Zam, jude\u021bul Hunedoara, pentru traversarea unui convoi agabaritic. Autovehiculele vor fi redirec\u021bionate pe rute ocolitoare. Restric\u021bia se va aplica pentru \u00eentreaga zi, a precizat Infotrafic.<\/p>\n<p>\u00a0<\/p>","protected":false},"excerpt":{"rendered":"<p>Centrul Infotrafic din Inspectoratul General al Poli\u0163iei Rom\u00e2ne informeaz\u0103 c\u0103 joi diminea\u021b\u0103 pe DN 2G,&hellip;<\/p>\n","protected":false},"author":0,"featured_media":35188,"comment_status":"open","ping_status":"open","sticky":false,"template":"","format":"standard","meta":{"footnotes":""},"categories":[2],"tags":[],"class_list":["post-35187","post","type-post","status-publish","format-standard","has-post-thumbnail","hentry","category-actual"],"_links":{"self":[{"href":"https:\/\/247stiri.ro\/index.php\/wp-json\/wp\/v2\/posts\/35187","targetHints":{"allow":["GET"]}}],"collection":[{"href":"https:\/\/247stiri.ro\/index.php\/wp-json\/wp\/v2\/posts"}],"about":[{"href":"https:\/\/247stiri.ro\/index.php\/wp-json\/wp\/v2\/types\/post"}],"replies":[{"embeddable":true,"href":"https:\/\/247stiri.ro\/index.php\/wp-json\/wp\/v2\/comments?post=35187"}],"version-history":[{"count":0,"href":"https:\/\/247stiri.ro\/index.php\/wp-json\/wp\/v2\/posts\/35187\/revisions"}],"wp:featuredmedia":[{"embeddable":true,"href":"https:\/\/247stiri.ro\/index.php\/wp-json\/wp\/v2\/media\/35188"}],"wp:attachment":[{"href":"https:\/\/247stiri.ro\/index.php\/wp-json\/wp\/v2\/media?parent=35187"}],"wp:term":[{"taxonomy":"category","embeddable":true,"href":"https:\/\/247stiri.ro\/index.php\/wp-json\/wp\/v2\/categories?post=35187"},{"taxonomy":"post_tag","embeddable":true,"href":"https:\/\/247stiri.ro\/index.php\/wp-json\/wp\/v2\/tags?post=35187"}],"curies":[{"name":"wp","href":"https:\/\/api.w.org\/{rel}","templated":true}]}}