{"id":35200,"date":"2025-02-27T07:44:56","date_gmt":"2025-02-27T07:44:56","guid":{"rendered":"https:\/\/247stiri.ro\/index.php\/2025\/02\/27\/abuzuri-incredibile-politistii-au-fost-acasa-la-calin-georgescu-care-e-rolul-jucat-de-predoiu\/"},"modified":"2025-02-27T07:44:56","modified_gmt":"2025-02-27T07:44:56","slug":"abuzuri-incredibile-politistii-au-fost-acasa-la-calin-georgescu-care-e-rolul-jucat-de-predoiu","status":"publish","type":"post","link":"https:\/\/247stiri.ro\/index.php\/2025\/02\/27\/abuzuri-incredibile-politistii-au-fost-acasa-la-calin-georgescu-care-e-rolul-jucat-de-predoiu\/","title":{"rendered":"Abuzuri INCREDIBILE: poli\u021bi\u0219tii au fost acas\u0103 la C\u0103lin Georgescu. Care e rolul jucat de Predoiu"},"content":{"rendered":"<p>Sunt abuzuri de neimaginat \u00een aceste momente: ceea ce s-a \u00eent\u00e2mplat ieri, cu poli\u021bia, cum a fost s\u0103ltat din trafic pre\u0219edintele ales C\u0103lin Georgescu \u0219i ce s-a \u00eent\u00e2mplat la Parchetul General. Abuzurile din partea MAI \u0219i Predoiu continu\u0103.<\/p>\n<p>\u00cen aceast\u0103 diminea\u021b\u0103, s-a petrecut un nou abuz de putere: mai mul\u021bi poi\u021bi\u0219ti, care erau \u00een civil, s-au aflat \u00een fa\u021ba casei lui C\u0103lin Georgescu. Acesta este sub control judiciar, nu are voie s\u0103 p\u0103r\u0103seasc\u0103 \u021bar\u0103. Deja s-a prezentat la sec\u021bia de poli\u021bie, conform imaginilor de asear\u0103.<\/p>\n<p>Nu se \u0219tie exact ce urm\u0103resc, pentru c\u0103 \u00een momentul de fa\u021b\u0103 nu sunt probe concrete la dosar. Abuzurile au continuat, av\u00e2nd \u00een vedere c\u0103 \u00een aceast\u0103 diminea\u021b\u0103 au f\u0103cut mai multe perchezi\u021bii, au fost aduse mai multe persoane la audieri, se \u00eencearc\u0103 o intimidare a apropia\u021bilor lui C\u0103lin Georgescu pentru deschiderea mai multor anchete penale pentru a \u00eempiedica aceast\u0103 candidatur\u0103, potrivit Realitatea PLUS. Aceste practici folosite \u00een vremea de glorie a statului paralel, a lui Kove\u0219i \u0219i Coldea continu\u0103 \u0219i ast\u0103zi.<\/p>\n<p>Toate aceste dosare au fost deschise la ordin politic.<\/p>\n<p>\u00cen scurt timp ar trebui s\u0103 fie somat C\u0103t\u0103lin Predoiu, s\u0103 dea explica\u021bii cu privire la ce se \u00eent\u00e2mpl\u0103 \u00een justi\u021bie, la abuzuri, dar \u0219i la presiunile politice care se fac asupra anchetelor.<\/p>","protected":false},"excerpt":{"rendered":"<p>Sunt abuzuri de neimaginat \u00een aceste momente: ceea ce s-a \u00eent\u00e2mplat ieri, cu poli\u021bia, cum&hellip;<\/p>\n","protected":false},"author":0,"featured_media":35201,"comment_status":"open","ping_status":"open","sticky":false,"template":"","format":"standard","meta":{"footnotes":""},"categories":[3],"tags":[],"class_list":["post-35200","post","type-post","status-publish","format-standard","has-post-thumbnail","hentry","category-politica"],"_links":{"self":[{"href":"https:\/\/247stiri.ro\/index.php\/wp-json\/wp\/v2\/posts\/35200","targetHints":{"allow":["GET"]}}],"collection":[{"href":"https:\/\/247stiri.ro\/index.php\/wp-json\/wp\/v2\/posts"}],"about":[{"href":"https:\/\/247stiri.ro\/index.php\/wp-json\/wp\/v2\/types\/post"}],"replies":[{"embeddable":true,"href":"https:\/\/247stiri.ro\/index.php\/wp-json\/wp\/v2\/comments?post=35200"}],"version-history":[{"count":0,"href":"https:\/\/247stiri.ro\/index.php\/wp-json\/wp\/v2\/posts\/35200\/revisions"}],"wp:featuredmedia":[{"embeddable":true,"href":"https:\/\/247stiri.ro\/index.php\/wp-json\/wp\/v2\/media\/35201"}],"wp:attachment":[{"href":"https:\/\/247stiri.ro\/index.php\/wp-json\/wp\/v2\/media?parent=35200"}],"wp:term":[{"taxonomy":"category","embeddable":true,"href":"https:\/\/247stiri.ro\/index.php\/wp-json\/wp\/v2\/categories?post=35200"},{"taxonomy":"post_tag","embeddable":true,"href":"https:\/\/247stiri.ro\/index.php\/wp-json\/wp\/v2\/tags?post=35200"}],"curies":[{"name":"wp","href":"https:\/\/api.w.org\/{rel}","templated":true}]}}