{"id":35227,"date":"2025-02-27T08:44:48","date_gmt":"2025-02-27T08:44:48","guid":{"rendered":"https:\/\/247stiri.ro\/index.php\/2025\/02\/27\/calin-si-cristela-georgescu-au-plecat-de-acasa-dupa-ce-doi-politisti-in-civil-s-au-prezentat-la-domiciliul-din-mogosoaia\/"},"modified":"2025-02-27T08:44:48","modified_gmt":"2025-02-27T08:44:48","slug":"calin-si-cristela-georgescu-au-plecat-de-acasa-dupa-ce-doi-politisti-in-civil-s-au-prezentat-la-domiciliul-din-mogosoaia","status":"publish","type":"post","link":"https:\/\/247stiri.ro\/index.php\/2025\/02\/27\/calin-si-cristela-georgescu-au-plecat-de-acasa-dupa-ce-doi-politisti-in-civil-s-au-prezentat-la-domiciliul-din-mogosoaia\/","title":{"rendered":"C\u0103lin \u0219i Cristela Georgescu au plecat de acas\u0103 dup\u0103 ce doi poli\u021bi\u0219ti \u00een civil s-au prezentat la domiciliul din Mogo\u0219oaia"},"content":{"rendered":"<p>F\u0103r\u0103 s\u0103 fac\u0103 declara\u021bii, cei doi &#8211; C\u0103lin \u0219i Cristela Georgescu &#8211; s-au urcat \u00een ma\u0219in\u0103.<\/p>\n\n<p>Pentru moment nu este cunoscut \u00eencotro se \u00eendreapt\u0103 cei doi, dar au plecat \u00een momentul \u00een care doi poli\u021bi\u0219ti \u00een civil i-au vizitat acas\u0103. A\u0219a cere procedura, au declarat surse din poli\u021bie citate de Realitatea PLUS.<\/p>\n<p>C\u0103lin Georgescu a fost plasat sub control judiciar \u0219i are interdic\u021bia de a p\u0103r\u0103si \u021bara, nimic legat de vreo interdic\u021bie de a p\u0103r\u0103si localitatea.\u00a0<\/p>\n<p>\u00a0<\/p>","protected":false},"excerpt":{"rendered":"<p>F\u0103r\u0103 s\u0103 fac\u0103 declara\u021bii, cei doi &#8211; C\u0103lin \u0219i Cristela Georgescu &#8211; s-au urcat \u00een&hellip;<\/p>\n","protected":false},"author":0,"featured_media":35228,"comment_status":"open","ping_status":"open","sticky":false,"template":"","format":"standard","meta":{"footnotes":""},"categories":[3],"tags":[],"class_list":["post-35227","post","type-post","status-publish","format-standard","has-post-thumbnail","hentry","category-politica"],"_links":{"self":[{"href":"https:\/\/247stiri.ro\/index.php\/wp-json\/wp\/v2\/posts\/35227","targetHints":{"allow":["GET"]}}],"collection":[{"href":"https:\/\/247stiri.ro\/index.php\/wp-json\/wp\/v2\/posts"}],"about":[{"href":"https:\/\/247stiri.ro\/index.php\/wp-json\/wp\/v2\/types\/post"}],"replies":[{"embeddable":true,"href":"https:\/\/247stiri.ro\/index.php\/wp-json\/wp\/v2\/comments?post=35227"}],"version-history":[{"count":0,"href":"https:\/\/247stiri.ro\/index.php\/wp-json\/wp\/v2\/posts\/35227\/revisions"}],"wp:featuredmedia":[{"embeddable":true,"href":"https:\/\/247stiri.ro\/index.php\/wp-json\/wp\/v2\/media\/35228"}],"wp:attachment":[{"href":"https:\/\/247stiri.ro\/index.php\/wp-json\/wp\/v2\/media?parent=35227"}],"wp:term":[{"taxonomy":"category","embeddable":true,"href":"https:\/\/247stiri.ro\/index.php\/wp-json\/wp\/v2\/categories?post=35227"},{"taxonomy":"post_tag","embeddable":true,"href":"https:\/\/247stiri.ro\/index.php\/wp-json\/wp\/v2\/tags?post=35227"}],"curies":[{"name":"wp","href":"https:\/\/api.w.org\/{rel}","templated":true}]}}