{"id":35230,"date":"2025-02-27T08:44:50","date_gmt":"2025-02-27T08:44:50","guid":{"rendered":"https:\/\/247stiri.ro\/index.php\/2025\/02\/27\/traditii-de-primavara-ce-semnifica-martisorul-baba-dochia-si-sfintii-40-de-mucenici-ce-trebuie-sa-faci-in-aceasta-perioada-a-anului\/"},"modified":"2025-02-27T08:44:50","modified_gmt":"2025-02-27T08:44:50","slug":"traditii-de-primavara-ce-semnifica-martisorul-baba-dochia-si-sfintii-40-de-mucenici-ce-trebuie-sa-faci-in-aceasta-perioada-a-anului","status":"publish","type":"post","link":"https:\/\/247stiri.ro\/index.php\/2025\/02\/27\/traditii-de-primavara-ce-semnifica-martisorul-baba-dochia-si-sfintii-40-de-mucenici-ce-trebuie-sa-faci-in-aceasta-perioada-a-anului\/","title":{"rendered":"Tradi\u021bii de prim\u0103vara. Ce semnific\u0103 M\u0103r\u021bi\u0219orul, Baba Dochia \u0219i Sfin\u021bii 40 de Mucenici. Ce trebuie s\u0103 FACI \u00een aceast\u0103 perioad\u0103 a anului"},"content":{"rendered":"<p>Tradi\u021bii de prim\u0103vara mo\u0219tenite din mo\u0219i str\u0103mo\u0219i, care se p\u0103streaz\u0103 \u0219i ast\u0103zi cu sfin\u021benie. Ce reprezint\u0103 acestea \u0219i ce semnifica\u021bie au ele pentru poporul rom\u00e2n.<\/p>\n<p>Tradi\u021bii de prim\u0103vara<\/p>\n<p>Prim\u0103vara, care este anotimpul rena\u015fterii, al \u00eenfloririi, al tinere\u0163ii, iubirii \u015fi al speran\u0163ei, \u00eencepe la data de 1 Martie, zi cu mare semnifica\u0163ie datorit\u0103 evolu\u0163iei ei calendaristice. Din antichitate \u015fi p\u00e2na acum, c\u00e2teva sute de ani, anul nou \u00eencepea la aceasta dat\u0103, c\u00e2nd to\u0163i oamenii de la sate porneau la arat.<\/p>\n<p>\u00cen Vene\u0163ia s-a s\u0103rb\u0103torit anul nou la aceast\u0103 dat\u0103 p\u00e2na \u00een anul 1797, la fel \u015fi la ru\u015fi. Luna martie este una a transform\u0103rilor, a \u00eennoirilor \u0219i a rena\u0219terii naturii. Este o lun\u0103 plin\u0103 de \u00eenc\u0103rc\u0103tur\u0103 spiritual\u0103, ce vine din multitudinea de obiceiuri, simboluri, tradi\u0163ii \u015fi legende legate de toate s\u0103rb\u0103torile acestei perioade.<\/p>\n<p>M\u0103r\u021bi\u0219orul<\/p>\n<p>M\u0103r\u0163i\u015forul, acum ritual \u00eembibat de aerul balcanic, se spune, \u00een legendele ge\u0163ilor, c\u0103 a ap\u0103rut cu foarte mult\u0103 vreme \u00een urm\u0103. Atunci, femeile la \u00eenceputul anului agricol, c\u00e2nd \u00eencepea prim\u0103vara, se \u00eempodobeau cu monede legate cu fire de l\u00e2na alb\u0103 \u015fi ro\u015fie sau alb\u0103 \u015fi neagr\u0103.<\/p>\n<p>\u015enurul de m\u0103r\u0163i\u015for reprezint\u0103 unitatea contrariilor: var\u0103-iarn\u0103, c\u0103ldur\u0103-frig, fertilitate-sterilitate, lumin\u0103-\u00eentuneric. Acesta era fie legat la m\u00e2n\u0103, fie purtat \u00een piept. Se purta de la 1 martie p\u00e2n\u0103 c\u00e2nd se ar\u0103tau semnele de prim\u0103var\u0103. Cum ar fi c\u00e2ntatul cucului, \u00eenfloritul cire\u015filor sau venitul berzelor \u015fi al r\u00e2ndunelelor.<\/p>\n<p>Dup\u0103 aceast\u0103 perioad\u0103 \u0219nurul era legat de ramura unui copac t\u00e2n\u0103r. Iar \u00een luna mai femeile \u015fi fetele se duceau s\u0103 vad\u0103 dac\u0103 pomul ales a rodit sau nu. Supersti\u021bia spunea \u00een func\u021bie de asta \u0219tiau dac\u0103 au sau nu noroc \u00een acel an.<\/p>\n<p>Baba Dochia<\/p>\n<p>Unele legende populare spun c\u0103 m\u0103r\u0163isorul ar fi fost tors de Baba Dochia \u00een timp ce urca cu oile la munte. Tot ea este \u015fi cea cu nou\u0103 cojoace, de la care vine \u015fi tradi\u0163ia cu alesul unei zile \u00een perioda 1-9 martie.<\/p>\n<p>Se alege o a\u015fa-zis\u0103 Bab\u0103, supersti\u0163ia spun\u00e2nd c\u0103 a\u015fa cum va fi ziua, noroas\u0103 sau \u00eensorit\u0103, geroas\u0103 sau cald\u0103, ploioas\u0103 sau senin\u0103, a\u015fa va fi tot anul celui ce \u015fi-a ales ziua respectiv\u0103.<\/p>\n<p>Legenda legat\u0103 de sf\u00e2r\u015fitul Dochiei vorbe\u0219te despre feciorii blestema\u0163i de ea, pentru c\u0103 i-au r\u0103t\u0103cit oile. Astfel, ea a trebuit s\u0103 plece pe munte \u00een c\u0103utarea lor \u015fi a murit. De aceea pe data de nou\u0103 martie se \u00eencinge un priveghi cu c\u00e2te 40 de pahare de fiecare b\u0103rbat.<\/p>\n<p>Sfin\u0163ii 40 de Mucenici<\/p>\n<p>Obiceiul religios spune c\u0103 la aceast\u0103 dat\u0103 se s\u0103rb\u0103toresc Sfin\u0163ii 40 de Mucenici. Acest obicei difer\u0103 de la o zon\u0103 la alta \u00een \u0163ara noastr\u0103. Se spune c\u0103 Mo\u015fii-Sfin\u0163i bat cu b\u00e2tele \u00een p\u0103m\u00e2nt s\u0103 alunge \u00eenghe\u0163ul ca s\u0103 fac\u0103 loc c\u0103ldurii, astfel d\u00e2nd drumul la prim\u0103var\u0103.<\/p>\n<p>Dragobetele<\/p>\n<p>Tot \u00een aceast\u0103 perioad\u0103, dar pe 24 februarie, se s\u0103rb\u0103tore\u0219te Dragobetele. Este s\u0103rb\u0103toarea dragostei \u015fi preveste\u015fte sosirea prim\u0103verii. \u00cen unele zone din \u0163ar\u0103 se fac focuri mari de c\u0103tre fl\u0103c\u0103ii satelor pentru purificare \u015fi \u00eendep\u0103rtarea relelor, blestemelor \u015fi necazurilor. A\u015fa cum spune \u015fi zicala: \u201cCele vechi s\u0103 se duc\u0103, cele noi s\u0103 s-adun\u0103!\u201d<\/p>\n<p>Toate aceste tradi\u0163ii \u015fi datini sunt izvor\u00e2te din dorin\u0163a oamenilor de a se reinventa. De a o lua de la cap\u0103t, plini de speran\u0163a unui an mai bun, mai \u00eembel\u015fugat \u015fi care s\u0103 renasc\u0103 odat\u0103 cu acest anotimp minunat, care este prim\u0103vara, plin de verdea\u0163\u0103 \u015fi optimism, de flori \u015fi voie bun\u0103.<\/p>\n<p>sursa: <a href=\"https:\/\/www.almanahonline.ro\/traditii-de-primavara-ce-semnifica-martisorul-baba-dochia-si-sfintii-40-de-mucenici\/\" target=\"_blank\">Almanah Online<\/a><\/p>\n<p><a href=\"https:\/\/www.realitatea.net\/stiri\/lifestyle\/traditia-martisorului-la-ce-mana-se-poarta-snurul-si-ce-semnificatie-are_67bf5523e8b3db0610495ba2\" target=\"_blank\">Tradi\u021bia M\u0103r\u021bi\u0219orului: la ce m\u00e2n\u0103 se poart\u0103 \u0219nurul \u0219i ce semnifica\u021bie are<\/a><\/p>","protected":false},"excerpt":{"rendered":"<p>Tradi\u021bii de prim\u0103vara mo\u0219tenite din mo\u0219i str\u0103mo\u0219i, care se p\u0103streaz\u0103 \u0219i ast\u0103zi cu sfin\u021benie. Ce&hellip;<\/p>\n","protected":false},"author":0,"featured_media":35216,"comment_status":"open","ping_status":"open","sticky":false,"template":"","format":"standard","meta":{"footnotes":""},"categories":[2],"tags":[],"class_list":["post-35230","post","type-post","status-publish","format-standard","has-post-thumbnail","hentry","category-actual"],"_links":{"self":[{"href":"https:\/\/247stiri.ro\/index.php\/wp-json\/wp\/v2\/posts\/35230","targetHints":{"allow":["GET"]}}],"collection":[{"href":"https:\/\/247stiri.ro\/index.php\/wp-json\/wp\/v2\/posts"}],"about":[{"href":"https:\/\/247stiri.ro\/index.php\/wp-json\/wp\/v2\/types\/post"}],"replies":[{"embeddable":true,"href":"https:\/\/247stiri.ro\/index.php\/wp-json\/wp\/v2\/comments?post=35230"}],"version-history":[{"count":0,"href":"https:\/\/247stiri.ro\/index.php\/wp-json\/wp\/v2\/posts\/35230\/revisions"}],"wp:featuredmedia":[{"embeddable":true,"href":"https:\/\/247stiri.ro\/index.php\/wp-json\/wp\/v2\/media\/35216"}],"wp:attachment":[{"href":"https:\/\/247stiri.ro\/index.php\/wp-json\/wp\/v2\/media?parent=35230"}],"wp:term":[{"taxonomy":"category","embeddable":true,"href":"https:\/\/247stiri.ro\/index.php\/wp-json\/wp\/v2\/categories?post=35230"},{"taxonomy":"post_tag","embeddable":true,"href":"https:\/\/247stiri.ro\/index.php\/wp-json\/wp\/v2\/tags?post=35230"}],"curies":[{"name":"wp","href":"https:\/\/api.w.org\/{rel}","templated":true}]}}