{"id":35235,"date":"2025-02-27T08:44:52","date_gmt":"2025-02-27T08:44:52","guid":{"rendered":"https:\/\/247stiri.ro\/index.php\/2025\/02\/27\/fratii-tate-au-parasit-romania-desi-erau-sub-control-judiciar-diicot-explica-de-ce-le-a-dat-drumul\/"},"modified":"2025-02-27T08:44:52","modified_gmt":"2025-02-27T08:44:52","slug":"fratii-tate-au-parasit-romania-desi-erau-sub-control-judiciar-diicot-explica-de-ce-le-a-dat-drumul","status":"publish","type":"post","link":"https:\/\/247stiri.ro\/index.php\/2025\/02\/27\/fratii-tate-au-parasit-romania-desi-erau-sub-control-judiciar-diicot-explica-de-ce-le-a-dat-drumul\/","title":{"rendered":"Fra\u021bii Tate au p\u0103r\u0103sit Rom\u00e2nia, de\u0219i erau sub control judiciar. DIICOT explic\u0103 de ce le-a dat drumul"},"content":{"rendered":"<p>Fra\u021bii Tate au plecat \u00een Statele Unite, joi diminea\u021b\u0103, cu un avion privat. Cei doi se \u00eendreapt\u0103 spre Florida, dup\u0103 ce au primit acceptul de la procurorul de caz s\u0103 p\u0103r\u0103seasc\u0103 \u021bara, sus\u021bin mai multe surse.\u00a0<\/p>\n<p>Reprezentan\u021bii DIICOT au transmis c\u0103 \u00een cazul fra\u021bilor Tate \u201ecererea de revocare a m\u0103surii preventive a controlului judiciar a fost respins\u0103, aceasta fiind men\u021binut\u0103 \u00een ambele dosare \u00een care se efectueaz\u0103 urm\u0103rirea penal\u0103\u201d.<\/p>\n<p>\u201eA fost admis\u0103 solicitarea privind modificarea obliga\u021biei impuse inculpa\u021bilor de a nu p\u0103r\u0103si teritoriul Rom\u00e2niei, celelalte obliga\u021bii fiind men\u021binute de c\u0103tre procurorii DIICOT, inclusiv cea referitoare la prezentarea \u00een fa\u021ba organelor judiciare la fiecare chemare, cu aten\u021bionarea c\u0103 \u00eenc\u0103lcarea cu rea-credin\u021b\u0103 a obliga\u021biilor ce le revin poate conduce la \u00eenlocuirea controlului judiciar cu o m\u0103sur\u0103 privativ\u0103 de libertate superioar\u0103\u201d,\u00a0au mai transmis procurorii.<\/p>\n<p>Andrew \u0219i Tristan Tate au plecat cu un avion privat \u00eenchiriat. Ace\u0219tia s-au \u00eembarcat \u00een jurul orei 5.30, cu destina\u021bia Florida.<\/p>\n<p>Ei au primit \u201everde\u201d s\u0103 plece de la procurorul de caz, dup\u0103 ce au f\u0103cut o cerere s\u0103 poat\u0103 p\u0103r\u0103si Rom\u00e2nia \u0219i s\u0103 c\u0103l\u0103toreasc\u0103 \u00een SUA. Cererea a fost admis\u0103 s\u0103pt\u0103m\u00e2na trecut\u0103.<\/p>\n<p>Andrew \u0219i Tristan Tate nu au avut voie s\u0103 plece din \u021bar\u0103 timp de aproape 2 ani \u0219i jum\u0103tate.<\/p>\n<p>Pe numele lor mai e deschis un singur dosar, care e \u00een faza de urm\u0103rire penal\u0103 pentru trafic de persoane, grup infrac\u021bional organizat \u0219i act sexual cu un minor.<\/p>\n<p>\u00cen acest dosar urm\u0103rirea penal\u0103 a \u00eenceput acum 7 luni, dar procurorul nu a trimis \u00eenc\u0103 dosarul \u00een judecat\u0103.<\/p>\n<p>Potrivit unor surse judiciare, cei doi ar trebui s\u0103 se \u00eentoarc\u0103 \u00een \u021bar\u0103 la finalul lunii martie, c\u00e2nd trebuie s\u0103 mearg\u0103 la instan\u021b\u0103 unde se va judeca dac\u0103 li se prelunge\u0219te controlul judiciar.<\/p>\n<p>Presiuni din partea Administra\u021biei Trump<\/p>\n<p>Potrivit Financial Time,\u00a0<a href=\"https:\/\/www.realitatea.net\/stiri\/actual\/fratii-tate-ajutor-nesperat-de-la-cel-mai-puternic-om-al-lumii_67b34d1a08f12c4be65eb663\" target=\"_blank\">administra\u021bia Trump ar fi f\u0103cut presiuni asupra autorit\u0103\u021bilor rom\u00e2ne<\/a>\u00a0s\u0103 ridice restric\u021biile de c\u0103l\u0103torie care \u00eei vizeaz\u0103 pe fra\u021bii Tate, relateaz\u0103 Financial Times, care men\u021bioneaz\u0103 c\u0103 influencerul Andrew Tate este un admirator al pre\u0219edintelui american Donald Trump.<\/p>\n<p>Cazul fra\u021bilor Tate ar fi fost adus \u00een discu\u0163ie de oficiali americani \u00eentr-o convorbire telefonic\u0103 cu reprezentan\u0163i ai guvernului rom\u00e2n, \u015fi apoi de Richard Grenell, trimisul special al lui Trump, c\u00e2nd s-a \u00eent\u00e2lnit cu ministrul rom\u00e2n de Externe la Conferin\u0163a de Securitate de la Munchen, potrivit a trei persoane familiarizate cu aceast\u0103 chestiune<\/p>\n<p>Ulterior,\u00a0<a href=\"https:\/\/www.realitatea.net\/stiri\/actual\/ciolacu-il-contrazice-pe-hurezeanu-spune-ca-sua-nu-au-facut-nicio-solicitare-catre-romania-pentru-fratii-tate_67b4b891b68f947ba52132a6\" target=\"_blank\">Marcel Ciolacu a transmis c\u0103 nu a existat vreo solicitare<\/a>\u00a0cu privire la fra\u021bii Tate din partea administra\u021biei americane, nici \u00een timpul discu\u021biei dintre cei doi oficiali, nici dup\u0103.<\/p>\n<p>\u201eStatele Unite ale Americii nu au f\u0103cut nicio solicitare c\u0103tre Rom\u00e2nia cu privire la situa\u021bia juridic\u0103 a unor influen\u021bi str\u0103ini cunoscu\u021bi investiga\u021bi de autorit\u0103\u021bile rom\u00e2ne\u201d, a scris premierul pe X. Premierul a mai preizat c\u0103 nu au existat cereri nici \u00een timpul discu\u021biei dintre Ministerul de Externe al Rom\u00e2niei \u0219i Richard Grenell sau dup\u0103 aceasta.<\/p>\n<p>Andrew \u015fi fratele s\u0103u Tristan Tate, care au dubl\u0103 cet\u0103\u0163enie, american\u0103 \u015fi britanic\u0103, au fost aresta\u0163i \u00een Rom\u00e2nia \u00een 2022 \u015fi acuza\u0163i de trafic de persoane, abuz sexual \u015fi sp\u0103lare de bani, precum \u015fi de ini\u0163ierea unui grup infrac\u0163ional organizat.\u00a0<\/p>","protected":false},"excerpt":{"rendered":"<p>Fra\u021bii Tate au plecat \u00een Statele Unite, joi diminea\u021b\u0103, cu un avion privat. Cei doi&hellip;<\/p>\n","protected":false},"author":0,"featured_media":35236,"comment_status":"open","ping_status":"open","sticky":false,"template":"","format":"standard","meta":{"footnotes":""},"categories":[2],"tags":[],"class_list":["post-35235","post","type-post","status-publish","format-standard","has-post-thumbnail","hentry","category-actual"],"_links":{"self":[{"href":"https:\/\/247stiri.ro\/index.php\/wp-json\/wp\/v2\/posts\/35235","targetHints":{"allow":["GET"]}}],"collection":[{"href":"https:\/\/247stiri.ro\/index.php\/wp-json\/wp\/v2\/posts"}],"about":[{"href":"https:\/\/247stiri.ro\/index.php\/wp-json\/wp\/v2\/types\/post"}],"replies":[{"embeddable":true,"href":"https:\/\/247stiri.ro\/index.php\/wp-json\/wp\/v2\/comments?post=35235"}],"version-history":[{"count":0,"href":"https:\/\/247stiri.ro\/index.php\/wp-json\/wp\/v2\/posts\/35235\/revisions"}],"wp:featuredmedia":[{"embeddable":true,"href":"https:\/\/247stiri.ro\/index.php\/wp-json\/wp\/v2\/media\/35236"}],"wp:attachment":[{"href":"https:\/\/247stiri.ro\/index.php\/wp-json\/wp\/v2\/media?parent=35235"}],"wp:term":[{"taxonomy":"category","embeddable":true,"href":"https:\/\/247stiri.ro\/index.php\/wp-json\/wp\/v2\/categories?post=35235"},{"taxonomy":"post_tag","embeddable":true,"href":"https:\/\/247stiri.ro\/index.php\/wp-json\/wp\/v2\/tags?post=35235"}],"curies":[{"name":"wp","href":"https:\/\/api.w.org\/{rel}","templated":true}]}}