{"id":35237,"date":"2025-02-27T08:44:52","date_gmt":"2025-02-27T08:44:52","guid":{"rendered":"https:\/\/247stiri.ro\/index.php\/2025\/02\/27\/doliu-in-fotbalul-romanesc-a-murit-doctorul-unor-generatii-istorice-ale-lui-dinamo\/"},"modified":"2025-02-27T08:44:52","modified_gmt":"2025-02-27T08:44:52","slug":"doliu-in-fotbalul-romanesc-a-murit-doctorul-unor-generatii-istorice-ale-lui-dinamo","status":"publish","type":"post","link":"https:\/\/247stiri.ro\/index.php\/2025\/02\/27\/doliu-in-fotbalul-romanesc-a-murit-doctorul-unor-generatii-istorice-ale-lui-dinamo\/","title":{"rendered":"Doliu \u00een fotbalul rom\u00e2nesc. A murit doctorul unor genera\u021bii istorice ale lui Dinamo"},"content":{"rendered":"<p class=\"do-not-hide\">Ionel \u201eJohnny\u201d Culina, fost ofi\u021ber de pres\u0103 al clubului alb-ro\u0219u, a f\u0103cut anun\u021bul:<\/p>\n<p class=\"do-not-hide\">\u201eA plecat ast\u0103zi dintre noi unul dintre cei mai buni medici din istoria fotbalului nostru. A f\u0103cut doar bine pentru zeci de genera\u021bii de dinamovi\u0219ti.Legendele din 1984, frumoasa echip\u0103 a lui Mircea Lucescu de dup\u0103 Revolu\u021bie sau supercampionii lui Cornel Dinu au fost trata\u021bi de el, un campion al medicinii sportive: GHEORGHE GAIU.M\u00e2ine, dup\u0103 pr\u00e2nz, va fi depus la Capela Cimitirului Re\u00eenvierea, iar s\u00e2mb\u0103t\u0103 va fi \u00eenmorm\u00e2ntat la Snagov.\u201d<\/p>\n<p>Gaiu a lucrat vreme de c\u00e2teva decenii la Dinamo, la prima echip\u0103 sau la \u201esatelitul\u201d clubului. A f\u0103cut parte inclusiv din echipele care au c\u00e2\u0219tigat titlul \u00een 1984 \u0219i 1990 \u0219i a continuat s\u0103 colaboreze cu clubul p\u00e2n\u0103 \u00een anii 2010.<\/p>\n<p>I-a tratat, printre al\u021bii, pe Ioan Andone, Rodion C\u0103m\u0103taru, Claudiu Vai\u0219covici, Ionu\u021b Lupescu, Costel Orac, Dorin Mateu\u021b \u0219i Mircea Rednic.<\/p>\n<p>\u00a0<\/p>","protected":false},"excerpt":{"rendered":"<p>Ionel \u201eJohnny\u201d Culina, fost ofi\u021ber de pres\u0103 al clubului alb-ro\u0219u, a f\u0103cut anun\u021bul: \u201eA plecat&hellip;<\/p>\n","protected":false},"author":0,"featured_media":35222,"comment_status":"open","ping_status":"open","sticky":false,"template":"","format":"standard","meta":{"footnotes":""},"categories":[2],"tags":[],"class_list":["post-35237","post","type-post","status-publish","format-standard","has-post-thumbnail","hentry","category-actual"],"_links":{"self":[{"href":"https:\/\/247stiri.ro\/index.php\/wp-json\/wp\/v2\/posts\/35237","targetHints":{"allow":["GET"]}}],"collection":[{"href":"https:\/\/247stiri.ro\/index.php\/wp-json\/wp\/v2\/posts"}],"about":[{"href":"https:\/\/247stiri.ro\/index.php\/wp-json\/wp\/v2\/types\/post"}],"replies":[{"embeddable":true,"href":"https:\/\/247stiri.ro\/index.php\/wp-json\/wp\/v2\/comments?post=35237"}],"version-history":[{"count":0,"href":"https:\/\/247stiri.ro\/index.php\/wp-json\/wp\/v2\/posts\/35237\/revisions"}],"wp:featuredmedia":[{"embeddable":true,"href":"https:\/\/247stiri.ro\/index.php\/wp-json\/wp\/v2\/media\/35222"}],"wp:attachment":[{"href":"https:\/\/247stiri.ro\/index.php\/wp-json\/wp\/v2\/media?parent=35237"}],"wp:term":[{"taxonomy":"category","embeddable":true,"href":"https:\/\/247stiri.ro\/index.php\/wp-json\/wp\/v2\/categories?post=35237"},{"taxonomy":"post_tag","embeddable":true,"href":"https:\/\/247stiri.ro\/index.php\/wp-json\/wp\/v2\/tags?post=35237"}],"curies":[{"name":"wp","href":"https:\/\/api.w.org\/{rel}","templated":true}]}}