{"id":35256,"date":"2025-02-27T09:44:51","date_gmt":"2025-02-27T09:44:51","guid":{"rendered":"https:\/\/247stiri.ro\/index.php\/2025\/02\/27\/bolojan-se-intalneste-duminica-la-londra-cu-starmer-macron-si-zelenski-pe-agenda-situatia-ucrainei-si-apararea-europei\/"},"modified":"2025-02-27T09:44:51","modified_gmt":"2025-02-27T09:44:51","slug":"bolojan-se-intalneste-duminica-la-londra-cu-starmer-macron-si-zelenski-pe-agenda-situatia-ucrainei-si-apararea-europei","status":"publish","type":"post","link":"https:\/\/247stiri.ro\/index.php\/2025\/02\/27\/bolojan-se-intalneste-duminica-la-londra-cu-starmer-macron-si-zelenski-pe-agenda-situatia-ucrainei-si-apararea-europei\/","title":{"rendered":"Bolojan se \u00eent\u00e2lne\u0219te duminic\u0103 la Londra cu Starmer, Macron \u0219i Zelenski. Pe agend\u0103, situa\u021bia Ucrainei \u0219i ap\u0103rarea Europei"},"content":{"rendered":"<p>\u00cen capitala Marii Britanii urmeaz\u0103 s\u0103 fie prezen\u021bi \u0219i pre\u0219edin\u021bii Fran\u021bei, Emmanuel Macron, \u0219i Ucrainei, Volodimir Zelensky.Pre\u0219edintele ucrainean Volodimir Zelenski este a\u0219teptat duminic\u0103 \u00een Regatul Unit, unde se va \u00eent\u00e2lni cu premierul Keir Starmer, a declarat miercuri o surs\u0103 guvernamental\u0103 britanic\u0103.Aceast\u0103 \u00eent\u00e2lnire va avea loc \u00een momentul \u00een care liderul laburist, a\u0219teptat miercuri seara la Washington, va prezida la Londra un summit cu liderii europeni pe tema ap\u0103r\u0103rii Europei, a precizat sursa citat\u0103.Zelenski a indicat, de asemenea, c\u0103 inten\u021bioneaz\u0103 s\u0103 mearg\u0103 la Londra, f\u0103r\u0103 a preciza data.\u201eDup\u0103 Statele Unite &#8211; dac\u0103 merg acolo, vom vedea &#8211; pl\u0103nuiesc s\u0103 merg la Londra: \u0219i imediat dup\u0103 aceea, \u0219i europenii \u0219i cu mine ne vom \u00eent\u00e2lni cu Keir Starmer\u201d, a declarat Zelenski \u00een cadrul unei conferin\u021be de pres\u0103 la Kiev.Keir Starmer este a\u0219teptat joi la Casa Alb\u0103 pentru a se \u00eent\u00e2lni cu Donald Trump, la trei zile dup\u0103 vizita pre\u0219edintelui francez Emmanuel Macron.<\/p>","protected":false},"excerpt":{"rendered":"<p>\u00cen capitala Marii Britanii urmeaz\u0103 s\u0103 fie prezen\u021bi \u0219i pre\u0219edin\u021bii Fran\u021bei, Emmanuel Macron, \u0219i Ucrainei,&hellip;<\/p>\n","protected":false},"author":0,"featured_media":35248,"comment_status":"open","ping_status":"open","sticky":false,"template":"","format":"standard","meta":{"footnotes":""},"categories":[2],"tags":[],"class_list":["post-35256","post","type-post","status-publish","format-standard","has-post-thumbnail","hentry","category-actual"],"_links":{"self":[{"href":"https:\/\/247stiri.ro\/index.php\/wp-json\/wp\/v2\/posts\/35256","targetHints":{"allow":["GET"]}}],"collection":[{"href":"https:\/\/247stiri.ro\/index.php\/wp-json\/wp\/v2\/posts"}],"about":[{"href":"https:\/\/247stiri.ro\/index.php\/wp-json\/wp\/v2\/types\/post"}],"replies":[{"embeddable":true,"href":"https:\/\/247stiri.ro\/index.php\/wp-json\/wp\/v2\/comments?post=35256"}],"version-history":[{"count":0,"href":"https:\/\/247stiri.ro\/index.php\/wp-json\/wp\/v2\/posts\/35256\/revisions"}],"wp:featuredmedia":[{"embeddable":true,"href":"https:\/\/247stiri.ro\/index.php\/wp-json\/wp\/v2\/media\/35248"}],"wp:attachment":[{"href":"https:\/\/247stiri.ro\/index.php\/wp-json\/wp\/v2\/media?parent=35256"}],"wp:term":[{"taxonomy":"category","embeddable":true,"href":"https:\/\/247stiri.ro\/index.php\/wp-json\/wp\/v2\/categories?post=35256"},{"taxonomy":"post_tag","embeddable":true,"href":"https:\/\/247stiri.ro\/index.php\/wp-json\/wp\/v2\/tags?post=35256"}],"curies":[{"name":"wp","href":"https:\/\/api.w.org\/{rel}","templated":true}]}}