{"id":35259,"date":"2025-02-27T09:44:51","date_gmt":"2025-02-27T09:44:51","guid":{"rendered":"https:\/\/247stiri.ro\/index.php\/2025\/02\/27\/gigi-becali-strange-semnaturi-pentru-a-candida-la-prezidentiale-finantatorul-fcsb-spune-ca-nu-va-iesi-din-aur\/"},"modified":"2025-02-27T09:44:51","modified_gmt":"2025-02-27T09:44:51","slug":"gigi-becali-strange-semnaturi-pentru-a-candida-la-prezidentiale-finantatorul-fcsb-spune-ca-nu-va-iesi-din-aur","status":"publish","type":"post","link":"https:\/\/247stiri.ro\/index.php\/2025\/02\/27\/gigi-becali-strange-semnaturi-pentru-a-candida-la-prezidentiale-finantatorul-fcsb-spune-ca-nu-va-iesi-din-aur\/","title":{"rendered":"Gigi Becali str\u00e2nge semn\u0103turi pentru a candida la preziden\u021biale. Finan\u021batorul FCSB spune c\u0103 nu va ie\u0219i din AUR"},"content":{"rendered":"<p>Gigi Becali este hot\u0103r\u00e2t s\u0103 se \u00eenscrie \u00een cursa pentru preziden\u021biale. Patronul de la FCSB protesteaz\u0103 fa\u021b\u0103 de faptul c\u0103 AUR nu va avea propriul candidat pentru Palatul Cotroceni.<\/p>\n<p>\u201e100% (Simion) nu va fi pe liste. P\u00e2n\u0103 acum spunem c\u0103 poate va fi. Acum e clar\u0103 situa\u021b\u021bia. Mi-a spus &#8222;nea Gigi, nu candidez, pentru c\u0103 sunt consecvent cu ceea ce am f\u0103cut, nu vreau s\u0103 m\u0103 fac de r\u00e2s \u00eel sus\u021bin pe Georgescu&#8221;. Eu, ca membru AUR, cer ca AUR s\u0103 aib\u0103 un candidat \u0219i va avea un candidat.<\/p>\n<p><a href=\"https:\/\/www.realitatea.net\/stiri\/politica\/disperare-pe-toate-fronturile-gigi-becali-un-nou-atac-scandalos-catre-presedintele-ales-calin-georgescu_67bda6c79b65a2479e77f4b3\" target=\"_blank\">Disperare pe toate fronturile! Gigi Becali, un nou ATAC scandalos c\u0103tre pre\u0219edintele ales, C\u0103lin Georgescu<\/a><\/p>\n<p>Ca s\u0103 fac\u0103 mai bine \u021b\u0103rii, i-ar conveni o func\u021bie executiv\u0103 (lui Simion).<\/p>\n<p>(&#8230;) Nu ai de ce s\u0103 ie\u0219i din AUR. Dac\u0103 a\u0219 ie\u0219i din AUR, a\u0219 face r\u0103u AUR, a\u0219a c\u0103 nu ies&#8221;, a comentat Becali, pentru un post TV.<\/p>\n<p>Deputatul AUR e preg\u0103tit s\u0103 str\u00e2ng\u0103 semn\u0103turi, cu sus\u021binerea unui partid neparlamentar.<\/p>\n<p>\u201e\u00cen situa\u021bia asta, candidez. De s\u0103pt\u0103m\u00e2na care vine, \u00eencep s\u0103 str\u00e2ng semn\u0103turile. Am Partidul Alian\u021ba Cre\u0219tin\u0103, care s-a oferit s\u0103 str\u00e2ng\u0103 semn\u0103turile&#8221;, a transmis Becali.<\/p>\n<p>Gigi Becali nu a vrut s\u0103 spun\u0103 dac\u0103 \u0219i-ar dori s\u0103-l aib\u0103 pe Simion drept premier.<\/p>\n<p>\u201eDac\u0103 a\u0219 spune asta, va spune c\u0103 nea Gigi, iar \u00eemi faci r\u0103u, pentru c\u0103 noi \u00eel sus\u021binem pe Georgescu. \u00cel las pe el, nu comentez nimic despre el, politic, \u00eel las s\u0103-\u0219i fac\u0103 jocul politic cum dore\u0219te. Deci nu voi comenta nimic din ce a\u0219 face eu&#8221;, a mai transmis afaceristul.<\/p>\n<p>Totu\u0219i, Becali sus\u021bine c\u0103 nu este \u00een conflict cu AUR.<\/p>\n<p><a href=\"https:\/\/www.realitatea.net\/stiri\/actual\/ora-2100-seara-dezvaluirilorbomba-la-culisele-statului-paralel-george-simion-si-anca-alexandrescu-dezvaluie-detalii-despre-incercarea-disperata-de-anihilare-a-lui-calin-georgescu-live-text_67bf645ab3ce0e73cb32ff38\" target=\"_blank\">George Simion, despre Becali: Este total \u00een afara liniei partidului \u0219i nimeni din AUR nu-l va vota\u00a0<\/a><\/p>\n<p>\u201eEu votez al\u0103turi de partid. Eu votez mo\u021biunea de cenzur\u0103 (\u00eempotriva Guvernului Ciolacu). Cum s\u0103 fiu \u00eempotriva AUR? Al\u0103turi de partid, sunt. C\u00e2nd partidul o voteaz\u0103, eu sunt al\u0103turi&#8221;, a mai precizat afaceristul.<\/p>\n<p>Gigi Becali a anun\u021bat ce va face imediat, dac\u0103 va fi instalat la Cotroceni.<\/p>\n<p>\u201ePrima ac\u021biune, 30 de consilieri. 5, mari speciali\u0219ti care s\u0103 fac\u0103 un plan, s\u0103 monitorizeze Guvernul, dac\u0103-\u0219i face treaba. La mine, ca la FCSB. Faci Ce Spune Becali. La mine nu exist\u0103 limit\u0103ri&#8221;, a declarat Becali.<\/p>","protected":false},"excerpt":{"rendered":"<p>Gigi Becali este hot\u0103r\u00e2t s\u0103 se \u00eenscrie \u00een cursa pentru preziden\u021biale. Patronul de la FCSB&hellip;<\/p>\n","protected":false},"author":0,"featured_media":35253,"comment_status":"open","ping_status":"open","sticky":false,"template":"","format":"standard","meta":{"footnotes":""},"categories":[2],"tags":[],"class_list":["post-35259","post","type-post","status-publish","format-standard","has-post-thumbnail","hentry","category-actual"],"_links":{"self":[{"href":"https:\/\/247stiri.ro\/index.php\/wp-json\/wp\/v2\/posts\/35259","targetHints":{"allow":["GET"]}}],"collection":[{"href":"https:\/\/247stiri.ro\/index.php\/wp-json\/wp\/v2\/posts"}],"about":[{"href":"https:\/\/247stiri.ro\/index.php\/wp-json\/wp\/v2\/types\/post"}],"replies":[{"embeddable":true,"href":"https:\/\/247stiri.ro\/index.php\/wp-json\/wp\/v2\/comments?post=35259"}],"version-history":[{"count":0,"href":"https:\/\/247stiri.ro\/index.php\/wp-json\/wp\/v2\/posts\/35259\/revisions"}],"wp:featuredmedia":[{"embeddable":true,"href":"https:\/\/247stiri.ro\/index.php\/wp-json\/wp\/v2\/media\/35253"}],"wp:attachment":[{"href":"https:\/\/247stiri.ro\/index.php\/wp-json\/wp\/v2\/media?parent=35259"}],"wp:term":[{"taxonomy":"category","embeddable":true,"href":"https:\/\/247stiri.ro\/index.php\/wp-json\/wp\/v2\/categories?post=35259"},{"taxonomy":"post_tag","embeddable":true,"href":"https:\/\/247stiri.ro\/index.php\/wp-json\/wp\/v2\/tags?post=35259"}],"curies":[{"name":"wp","href":"https:\/\/api.w.org\/{rel}","templated":true}]}}