{"id":35260,"date":"2025-02-27T09:44:52","date_gmt":"2025-02-27T09:44:52","guid":{"rendered":"https:\/\/247stiri.ro\/index.php\/2025\/02\/27\/catalin-hideg-declaratii-bomba-despre-actiunile-sistemului-impotriva-lui-calin-georgescu-este-acelasi-circ-penibil-marca-kovesi-versus-coldea-cand-aduceau-oamenii-pe-sus-de-pe-strada\/"},"modified":"2025-02-27T09:44:52","modified_gmt":"2025-02-27T09:44:52","slug":"catalin-hideg-declaratii-bomba-despre-actiunile-sistemului-impotriva-lui-calin-georgescu-este-acelasi-circ-penibil-marca-kovesi-versus-coldea-cand-aduceau-oamenii-pe-sus-de-pe-strada","status":"publish","type":"post","link":"https:\/\/247stiri.ro\/index.php\/2025\/02\/27\/catalin-hideg-declaratii-bomba-despre-actiunile-sistemului-impotriva-lui-calin-georgescu-este-acelasi-circ-penibil-marca-kovesi-versus-coldea-cand-aduceau-oamenii-pe-sus-de-pe-strada\/","title":{"rendered":"C\u0103t\u0103lin Hideg, declara\u021bii bomb\u0103 despre ac\u021biunile sistemului \u00eempotriva lui C\u0103lin Georgescu: Este acela\u0219i circ penibil marca Kovesi versus Coldea, c\u00e2nd aduceau oamenii pe sus de pe strad\u0103"},"content":{"rendered":"<p>&#8222;Dup\u0103 p\u0103rerea mea, cheia este tot la Statul Paralel. A\u0219a cum a\u021bi v\u0103zut de foarte mult timp &#8211; \u0219i cum spuneau foarte mul\u021bi apropia\u021bi ai dl Coldea &#8211; el reprezint\u0103 statul.\u00a0<\/p>\n<p>V\u0103 mai aduce\u021bi aminte c\u00e2nd dl Dumbrav\u0103 spunea c\u0103 s\u0103 se schimbe osatura statului \u0219i urmeaz\u0103 dup\u0103 aceea s\u0103 facem \u0219i s\u0103 dregem\u0219i s\u0103 organiz\u0103m afaceri \u0219i a\u0219a mai departe? Ei, aceast\u0103 osatur\u0103 a statului, de fapt, cred c\u0103 nu a fost pe placul lor. Dac\u0103 C\u0103lin Georgescu ar fi ajuns pre\u0219edinte \u0219i s-ar fi schimbat integral osatura statului, a\u0219a cum a declarat \u0219i d\u00e2nsul de foarte multe ori, acest lucru le-ar fi dat peste cap toate planurile \u0219i ar fi fost un mare dezastru pentru sistemul paralel care are infiltrate persoane \u0219i interese \u00een toate locurile din Rom\u00e2nia, \u00een toate sferele de putere ale acestei \u021b\u0103ri&#8221;, a declarat, joi, C\u0103t\u0103lin Hideg, din fa\u021ba Parchetului General.\u00a0<\/p>\n<p>Referitor la aducerea episodul de miercuri, \u00een care C\u0103lin Georgescu a fost adus sub escort\u0103 la Parchetul General, respectiv nu cu citare, ci cu mandat, \u0219i la modul \u00een care au decurs procedurile judiciare, Hideg a f\u0103cut urm\u0103toarele preciz\u0103ri: &#8222;Este acela\u0219i circ penibil marca Laura Codru\u021ba Kovesi versus Coldea, c\u00e2nd aduceau oamenii pe sus de pe strad\u0103.<\/p>\n<p>V\u0103 aduce\u021bi aminte cazul Bica? Pentru c\u0103 a deranjat-o pe &#8222;prin\u021besa&#8221; Justi\u021biei din Europa au luat-o de pe strad\u0103 \u00een acela\u0219i mod \u0219i toate televiziunile erau deja prezente \u00eenainte ca ei s\u0103 ajung\u0103 la Parchete sau la DNA, unde erau chema\u021bi, sau la DIICOT. Deci, este acelasi circ ieftin, penibil \u0219i jignitor la adresa \u00eentregii na\u021biuni rom\u00e2ne. Ceea ce s-a \u00eent\u00e2mplat ieri este o ofens\u0103 \u0219i o jignire pentru tot poporul rom\u00e2n pentru c\u0103 acest lucuru ne duce la g\u00e2ndul c\u0103 drepturile omului \u00een \u021bara asta sunt \u00eenc\u0103lcate grav, dictatura este pe cale de a se instaura, iar democra\u021bia modern\u0103 de care ar fi trebuit s\u0103 avem parte este distrus\u0103 \u0219i aruncat\u0103 efectiv la fier vechi&#8221;.\u00a0<\/p>\n<p>C\u00e2t prive\u0219te m\u0103sura controlului judiciar luat\u0103 de procurori \u00een cele 3 dosare, C\u0103t\u0103lin Hideg a spus c\u0103 este surprinz\u0103tor de ce aceast\u0103 m\u0103sur\u0103 a fost luat\u0103 cu 2 ore \u00eenainte de a-\u0219i depune candidatura.\u00a0<\/p>\n<p>&#8222;Acest stat se nume\u0219te stat poli\u021bienesc. Nu mai este stat de drept. Este, de fapt, o nebunie la comanda unor debili care \u00een relaitate nu vor ca voin\u021ba poporului rom\u00e2n s\u0103 fie \u00eenf\u0103ptuit\u0103&#8221;, a ar\u0103tat omul de afaceri const\u0103n\u021bean.\u00a0<\/p>","protected":false},"excerpt":{"rendered":"<p>&#8222;Dup\u0103 p\u0103rerea mea, cheia este tot la Statul Paralel. A\u0219a cum a\u021bi v\u0103zut de foarte&hellip;<\/p>\n","protected":false},"author":0,"featured_media":35255,"comment_status":"open","ping_status":"open","sticky":false,"template":"","format":"standard","meta":{"footnotes":""},"categories":[2],"tags":[],"class_list":["post-35260","post","type-post","status-publish","format-standard","has-post-thumbnail","hentry","category-actual"],"_links":{"self":[{"href":"https:\/\/247stiri.ro\/index.php\/wp-json\/wp\/v2\/posts\/35260","targetHints":{"allow":["GET"]}}],"collection":[{"href":"https:\/\/247stiri.ro\/index.php\/wp-json\/wp\/v2\/posts"}],"about":[{"href":"https:\/\/247stiri.ro\/index.php\/wp-json\/wp\/v2\/types\/post"}],"replies":[{"embeddable":true,"href":"https:\/\/247stiri.ro\/index.php\/wp-json\/wp\/v2\/comments?post=35260"}],"version-history":[{"count":0,"href":"https:\/\/247stiri.ro\/index.php\/wp-json\/wp\/v2\/posts\/35260\/revisions"}],"wp:featuredmedia":[{"embeddable":true,"href":"https:\/\/247stiri.ro\/index.php\/wp-json\/wp\/v2\/media\/35255"}],"wp:attachment":[{"href":"https:\/\/247stiri.ro\/index.php\/wp-json\/wp\/v2\/media?parent=35260"}],"wp:term":[{"taxonomy":"category","embeddable":true,"href":"https:\/\/247stiri.ro\/index.php\/wp-json\/wp\/v2\/categories?post=35260"},{"taxonomy":"post_tag","embeddable":true,"href":"https:\/\/247stiri.ro\/index.php\/wp-json\/wp\/v2\/tags?post=35260"}],"curies":[{"name":"wp","href":"https:\/\/api.w.org\/{rel}","templated":true}]}}