{"id":35267,"date":"2025-02-27T10:44:47","date_gmt":"2025-02-27T10:44:47","guid":{"rendered":"https:\/\/247stiri.ro\/index.php\/2025\/02\/27\/avocatul-lui-calin-georgescu-vrem-sa-l-citam-pe-trump-ca-martor-in-proces\/"},"modified":"2025-02-27T10:44:47","modified_gmt":"2025-02-27T10:44:47","slug":"avocatul-lui-calin-georgescu-vrem-sa-l-citam-pe-trump-ca-martor-in-proces","status":"publish","type":"post","link":"https:\/\/247stiri.ro\/index.php\/2025\/02\/27\/avocatul-lui-calin-georgescu-vrem-sa-l-citam-pe-trump-ca-martor-in-proces\/","title":{"rendered":"Avocatul lui C\u0103lin Georgescu: Vrem s\u0103-l cit\u0103m pe Trump ca martor \u00een proces"},"content":{"rendered":"<p>\u201eA fost un mandat de aduce \u00een baza dosarului din 2023 legat de incitare la ur\u0103, ocazie cu care, ar\u0103t\u00e2ndu-ne c\u0103 s-au mai formulat \u00eenc\u0103 dou\u0103 dosare, ne-au pus \u00een fa\u021ba faptului \u00eemplinit, ceea ce este total neprocedural. Ce s\u0103 v\u0103 spun? Legat de al treilea dosar, de instigare la tentativ\u0103 de ac\u021biuni \u00eempotriva ordinii constitu\u021bionale, \u00een Codul Penal nu exist\u0103 tentativ\u0103 la acea infrac\u021biune, \u00een al doilea r\u00e2nd ca s\u0103 \u00een\u021belege\u021bi \u00een ce-a contat tentativa \u00een opinia organelor de urm\u0103rire penal\u0103, vorbim aici de o afirma\u021bie din emisiunea Culisele Statului Paralel de la Realitatea TV, privind pericolul de a intra \u00een r\u0103zboiul dintre Rusia \u0219i Ucraina, at\u00e2t\u201d, a spus reprezentantul lui C\u0103lin Georgescu, la un post TV.<\/p>\n<p>\u201eSpune clar comunicatul Parchetului c\u0103 aceast\u0103 afirma\u021bie a avut de afectat \u00eencrederea popula\u021biei \u00een MApN \u0219i de a induce teama \u00een r\u00e2ndul popula\u021biei cu privire la posibila implicare a Rom\u00e2niei \u0219i \u00eel citeaz\u0103 chiar pe Donald Trump. Noi o s\u0103 dorim s\u0103-l cit\u0103m \u00een cadrul procesului penal \u0219i pe Donald Trump ca martor, fa\u021b\u0103 de afirma\u021biile f\u0103cute de c\u0103tre C\u0103lin Georgescu\u201d, a indicat avocatul.<\/p>","protected":false},"excerpt":{"rendered":"<p>\u201eA fost un mandat de aduce \u00een baza dosarului din 2023 legat de incitare la&hellip;<\/p>\n","protected":false},"author":0,"featured_media":35268,"comment_status":"open","ping_status":"open","sticky":false,"template":"","format":"standard","meta":{"footnotes":""},"categories":[3],"tags":[],"class_list":["post-35267","post","type-post","status-publish","format-standard","has-post-thumbnail","hentry","category-politica"],"_links":{"self":[{"href":"https:\/\/247stiri.ro\/index.php\/wp-json\/wp\/v2\/posts\/35267","targetHints":{"allow":["GET"]}}],"collection":[{"href":"https:\/\/247stiri.ro\/index.php\/wp-json\/wp\/v2\/posts"}],"about":[{"href":"https:\/\/247stiri.ro\/index.php\/wp-json\/wp\/v2\/types\/post"}],"replies":[{"embeddable":true,"href":"https:\/\/247stiri.ro\/index.php\/wp-json\/wp\/v2\/comments?post=35267"}],"version-history":[{"count":0,"href":"https:\/\/247stiri.ro\/index.php\/wp-json\/wp\/v2\/posts\/35267\/revisions"}],"wp:featuredmedia":[{"embeddable":true,"href":"https:\/\/247stiri.ro\/index.php\/wp-json\/wp\/v2\/media\/35268"}],"wp:attachment":[{"href":"https:\/\/247stiri.ro\/index.php\/wp-json\/wp\/v2\/media?parent=35267"}],"wp:term":[{"taxonomy":"category","embeddable":true,"href":"https:\/\/247stiri.ro\/index.php\/wp-json\/wp\/v2\/categories?post=35267"},{"taxonomy":"post_tag","embeddable":true,"href":"https:\/\/247stiri.ro\/index.php\/wp-json\/wp\/v2\/tags?post=35267"}],"curies":[{"name":"wp","href":"https:\/\/api.w.org\/{rel}","templated":true}]}}