{"id":3563,"date":"2024-11-01T07:40:53","date_gmt":"2024-11-01T07:40:53","guid":{"rendered":"https:\/\/247stiri.ro\/index.php\/2024\/11\/01\/cine-erau-cei-3-romani-gasiti-morti-in-garajul-inundat-din-valencia-acestia-se-aflau-in-spania-de-mai-bine-de-20-de-ani-ultimele-clipe-de-viata-detalii-socante\/"},"modified":"2024-11-01T07:40:53","modified_gmt":"2024-11-01T07:40:53","slug":"cine-erau-cei-3-romani-gasiti-morti-in-garajul-inundat-din-valencia-acestia-se-aflau-in-spania-de-mai-bine-de-20-de-ani-ultimele-clipe-de-viata-detalii-socante","status":"publish","type":"post","link":"https:\/\/247stiri.ro\/index.php\/2024\/11\/01\/cine-erau-cei-3-romani-gasiti-morti-in-garajul-inundat-din-valencia-acestia-se-aflau-in-spania-de-mai-bine-de-20-de-ani-ultimele-clipe-de-viata-detalii-socante\/","title":{"rendered":"Cine erau cei 3 rom\u00e2ni g\u0103si\u021bi mor\u021bi \u00een garajul inundat din Valencia: ace\u0219tia se aflau \u00een Spania de mai bine de 20 de ani. Ultimele clipe de via\u021b\u0103: detalii \u0219ocante"},"content":{"rendered":"<p>Era ora opt \u0219i treizeci \u0219i \u0219ase de minute, mar\u021bi seara. Cuplul de rom\u00e2ni a cobor\u00e2t \u00een garaj \u00eempreun\u0103 cu fiica lor \u0219i cu un vecin. Acolo au \u00eent\u00e2lnit al\u021bi patru oameni. To\u021bi au murit \u00eenainte ca vreunul dintre ei s\u0103 aib\u0103 timp s\u0103 urce \u00een ma\u0219ini. Totul s-a \u00eent\u00e2mplat \u00eentr-o frac\u021biune de secund\u0103 \u00een momentul \u00een care ap\u0103, care avea o \u00een\u0103l\u021bime de doi metri, a smuls u\u0219a garajului.<\/p>\n\n<p>Vestea c\u0103 cei trei au murit i-a devastat pe vecini. Cuplul de rom\u00e2ni erau descri\u0219i ca fiind buni angaja\u021bi \u0219i prieteni. Ace\u0219tia se aflau \u00een Valencia de mai bine de 20 de ani.<\/p>\n<p>Guvernul spaniol a declarat trei zile de doliu na\u021bional dup\u0103 potopul care a lovit \u021bara \u00een ultimele zile \u0219i a decretat stare de alert\u0103. Cele mai multe probleme sunt \u00een regiunea Almeria, unde salvatorii \u00eenc\u0103 \u00eei recupereaz\u0103 pe oamenii care s-au refugiat pe acoperi\u0219uri dup\u0103 ce casele lor au fost inundate.<\/p>\n<p>&#8222;Din p\u0103cate sunt multe persoane care au murit. Mul\u021bi oameni care \u0219i-au pierdut via\u021ba. Aici sunt economiile mele, efortul meu, via\u021ba mea. Dar m\u0103car suntem \u00een via\u021b\u0103.\u00a0<\/p>\n<p>R\u00e2ul a crescut \u00een jum\u0103tate de or\u0103. \u0218i \u00eentr-o jum\u0103tate de or\u0103 am pierdut totul.\u00a0<\/p>\n<p>Am tras o sperietur\u0103 groaznic\u0103 pentru c\u0103 familia mea, so\u021bia a trebuit s\u0103 scoat\u0103 feti\u021ba \u00een bra\u021be c\u0103 apa ajunsese deja la nivelul pieptului&#8221;, spun oamenii.<\/p>\n<p>\u00cen unele zone a plouat \u00eentr-o zi c\u00e2t \u00eentr-un an, mai multe r\u00e2uri au ie\u015fit din matc\u0103. Inunda\u0163iile au distrus case \u015fi au m\u0103turat copaci, oameni \u015fi vehicule.<\/p>\n<p>\u00cen unele zone din regiunea Valencia, popular\u0103 printre turi\u015fti, s-au \u00eenregistrat cantit\u0103\u0163i de ploaie de p\u00e2n\u0103 la 490 de milimetri pe metru p\u0103trat.<\/p>\n<p>Bilan\u021bul victimelor este \u00een cre\u0219tere, avertizeaz\u0103 echipajele de urgen\u021b\u0103 care intervin or\u0103 de or\u0103. \u00cen urma dezastrului, sute de familii au r\u0103mas pe drumuri.\u00a0<\/p>","protected":false},"excerpt":{"rendered":"<p>Era ora opt \u0219i treizeci \u0219i \u0219ase de minute, mar\u021bi seara. Cuplul de rom\u00e2ni a&hellip;<\/p>\n","protected":false},"author":0,"featured_media":3549,"comment_status":"open","ping_status":"open","sticky":false,"template":"","format":"standard","meta":{"footnotes":""},"categories":[2],"tags":[],"class_list":["post-3563","post","type-post","status-publish","format-standard","has-post-thumbnail","hentry","category-actual"],"_links":{"self":[{"href":"https:\/\/247stiri.ro\/index.php\/wp-json\/wp\/v2\/posts\/3563","targetHints":{"allow":["GET"]}}],"collection":[{"href":"https:\/\/247stiri.ro\/index.php\/wp-json\/wp\/v2\/posts"}],"about":[{"href":"https:\/\/247stiri.ro\/index.php\/wp-json\/wp\/v2\/types\/post"}],"replies":[{"embeddable":true,"href":"https:\/\/247stiri.ro\/index.php\/wp-json\/wp\/v2\/comments?post=3563"}],"version-history":[{"count":0,"href":"https:\/\/247stiri.ro\/index.php\/wp-json\/wp\/v2\/posts\/3563\/revisions"}],"wp:featuredmedia":[{"embeddable":true,"href":"https:\/\/247stiri.ro\/index.php\/wp-json\/wp\/v2\/media\/3549"}],"wp:attachment":[{"href":"https:\/\/247stiri.ro\/index.php\/wp-json\/wp\/v2\/media?parent=3563"}],"wp:term":[{"taxonomy":"category","embeddable":true,"href":"https:\/\/247stiri.ro\/index.php\/wp-json\/wp\/v2\/categories?post=3563"},{"taxonomy":"post_tag","embeddable":true,"href":"https:\/\/247stiri.ro\/index.php\/wp-json\/wp\/v2\/tags?post=3563"}],"curies":[{"name":"wp","href":"https:\/\/api.w.org\/{rel}","templated":true}]}}