{"id":35872,"date":"2025-03-01T08:44:47","date_gmt":"2025-03-01T08:44:47","guid":{"rendered":"https:\/\/247stiri.ro\/index.php\/2025\/03\/01\/apelul-liderului-suveranistilor-george-simion-din-mijlocul-manifestantilor-le-cer-romanilor-sa-fie-pasnici-sa-colaboreze-cu-autoritatile\/"},"modified":"2025-03-01T08:44:47","modified_gmt":"2025-03-01T08:44:47","slug":"apelul-liderului-suveranistilor-george-simion-din-mijlocul-manifestantilor-le-cer-romanilor-sa-fie-pasnici-sa-colaboreze-cu-autoritatile","status":"publish","type":"post","link":"https:\/\/247stiri.ro\/index.php\/2025\/03\/01\/apelul-liderului-suveranistilor-george-simion-din-mijlocul-manifestantilor-le-cer-romanilor-sa-fie-pasnici-sa-colaboreze-cu-autoritatile\/","title":{"rendered":"Apelul liderului suverani\u0219tilor, George Simion, din mijlocul manifestan\u021bilor. \u201eLe cer rom\u00e2nilor s\u0103 fie pa\u0219nici, s\u0103 colaboreze cu autorit\u0103\u021bile\u201d"},"content":{"rendered":"<p>\u00centr-o declara\u021bie public\u0103, Simion a subliniat importan\u021ba colabor\u0103rii cu autorit\u0103\u021bile \u0219i a men\u021bionat c\u0103 protestul are ca scop principal restabilirea democra\u021biei \u0219i sus\u021binerea alegerilor libere.<\/p>\n<p>\u201eLe cer rom\u00e2nilor s\u0103 fie pa\u0219nici, s\u0103 colaboreze cu autorit\u0103\u021bile, s\u0103 nu \u00eencerce s\u0103 acuze \u00een vreun fel autorit\u0103\u021bile sau jurnali\u0219tii, c\u0103ci ei \u00ee\u0219i fac treaba \u0219i \u00ee\u0219i doresc s\u0103 asigure un miting pa\u0219nic \u0219i sper s\u0103 asigure informa\u021bii corecte de la aceast\u0103 manifesta\u021bie. Vom fi \u00een permanent contact cu autorit\u0103\u021bile \u0219i cu for\u021bele de ordine \u0219i cu presa, v\u0103 rug\u0103m s\u0103 \u021bine\u021bi leg\u0103tura cu biroul nostru de pres\u0103.<\/p>\n<p>Avem dou\u0103 obiective \u00een protestul nostru de ast\u0103zi. Odat\u0103 s\u0103 revenim la democra\u021bie, la cursul democratic, s\u0103 sus\u021binem alegerile libere \u0219i s\u0103 protest\u0103m contra guvernului. Este un protest anti guvernamental, s\u0103 cerem demisia lui Marcel Ciolacu. O s\u0103 rog autorit\u0103\u021bile s\u0103 coordoneze cu noi toate ac\u021biunile care se desf\u0103\u0219oar\u0103.<\/p>\n<p>Vreau s\u0103 acuz felul \u00een care Marcel Ciolacu ieri a ales s\u0103 loveasc\u0103 \u00een administra\u021bia de la Washington \u0219i \u00een opozi\u021bia din Rom\u00e2nia. El spune c\u0103 liderii suverani\u0219ti aplaud\u0103 din primul r\u00e2nd atunci c\u00e2nd Rom\u00e2nia este atacat\u0103 sau denigrat\u0103. \u00cen mod clar domnul Ciolacu a f\u0103cut referire la discursurile lui JD Vance.<\/p>\n<p>Rom\u00e2nia nu a fost atacat\u0103 \u0219i denigrat\u0103 \u0219i Rom\u00e2nia nu este reprezentat\u0103 de Marcel Ciolacu. Nu vom pune niciodat\u0103 semnul egal \u00eentre Marcel Ciolacu \u0219i Rom\u00e2nia, la fel cum unii \u0219i al\u021bii \u00ee\u0219i \u00eenchipuie c\u0103 ataci ordinea constitu\u021bional\u0103 dac\u0103 \u00eel ataci pe Marcel Ciolacu, pe Predoiu sau pe Bolojan. S\u0103 facem o mic\u0103 diferen\u021b\u0103. Echilibrul \u00eentre puteri trebuie s\u0103 existe, trebuie s\u0103 existe \u0219i un echilibru corect \u00eentre putere \u0219i opozi\u021bie, noi ne dorim s\u0103 men\u021binem cursul democratic al Rom\u00e2niei.<\/p>\n<p>A\u0219 mai avea un apel la televiziunea public\u0103 pl\u0103tit\u0103 din banii no\u0219tri, bani tuturor rom\u00e2nilor, banii de la buget. Am v\u0103zut un derapaj inacceptabil din partea unui prezentator \u00een aceast\u0103 diminea\u021b\u0103, care a anun\u021bat c\u0103 rom\u00e2nii trebuie s\u0103 evite c\u00e2t mai mult zonele unde se desf\u0103\u0219oar\u0103 protestul. Noi facem un apel, indiferent dac\u0103 plou\u0103, dac\u0103 este v\u00e2nt, dac\u0103 este vreme ur\u00e2t\u0103, ca rom\u00e2nii s\u0103 nu evite aceste zone \u0219i s\u0103 participe, s\u0103-\u0219i exercite dreptul lor de cet\u0103\u021beni, s\u0103 dea dovad\u0103 de spirit civic \u0219i s\u0103 cear\u0103 revenirea la democra\u021bie \u0219i s\u0103 se al\u0103ture nou\u0103\u201d, a spus George Simion.<\/p>\n<p><a title=\"Ziua marelui protest al demnitatii nationale. Calin Georgescu si George Simion vin in fata romanilor, in centrul Bucurestiului. 1 milion de oameni sunt asteptati - LIVE TEXT si VIDEO \" href=\"https:\/\/www.realitatea.net\/stiri\/actual\/ziua-marelui-miting-al-demnitatii-nationale-calin-georgescu-si-george-simion-vin-in-fata-romanilor-in-centru-bucurestiului_67c21ee6e10b580168785ae3\">Ziua marelui protest al demnit\u0103\u021bii na\u021bionale. C\u0103lin Georgescu \u0219i George Simion vin \u00een fa\u021ba rom\u00e2nilor, \u00een centrul Bucure\u0219tiului. 1 milion de oameni sunt a\u0219tepta\u021bi &#8211; LIVE TEXT \u0219i VIDEO<\/a><\/p>","protected":false},"excerpt":{"rendered":"<p>\u00centr-o declara\u021bie public\u0103, Simion a subliniat importan\u021ba colabor\u0103rii cu autorit\u0103\u021bile \u0219i a men\u021bionat c\u0103 protestul&hellip;<\/p>\n","protected":false},"author":0,"featured_media":35871,"comment_status":"open","ping_status":"open","sticky":false,"template":"","format":"standard","meta":{"footnotes":""},"categories":[2],"tags":[],"class_list":["post-35872","post","type-post","status-publish","format-standard","has-post-thumbnail","hentry","category-actual"],"_links":{"self":[{"href":"https:\/\/247stiri.ro\/index.php\/wp-json\/wp\/v2\/posts\/35872","targetHints":{"allow":["GET"]}}],"collection":[{"href":"https:\/\/247stiri.ro\/index.php\/wp-json\/wp\/v2\/posts"}],"about":[{"href":"https:\/\/247stiri.ro\/index.php\/wp-json\/wp\/v2\/types\/post"}],"replies":[{"embeddable":true,"href":"https:\/\/247stiri.ro\/index.php\/wp-json\/wp\/v2\/comments?post=35872"}],"version-history":[{"count":0,"href":"https:\/\/247stiri.ro\/index.php\/wp-json\/wp\/v2\/posts\/35872\/revisions"}],"wp:featuredmedia":[{"embeddable":true,"href":"https:\/\/247stiri.ro\/index.php\/wp-json\/wp\/v2\/media\/35871"}],"wp:attachment":[{"href":"https:\/\/247stiri.ro\/index.php\/wp-json\/wp\/v2\/media?parent=35872"}],"wp:term":[{"taxonomy":"category","embeddable":true,"href":"https:\/\/247stiri.ro\/index.php\/wp-json\/wp\/v2\/categories?post=35872"},{"taxonomy":"post_tag","embeddable":true,"href":"https:\/\/247stiri.ro\/index.php\/wp-json\/wp\/v2\/tags?post=35872"}],"curies":[{"name":"wp","href":"https:\/\/api.w.org\/{rel}","templated":true}]}}