{"id":35903,"date":"2025-03-01T10:44:52","date_gmt":"2025-03-01T10:44:52","guid":{"rendered":"https:\/\/247stiri.ro\/index.php\/2025\/03\/01\/video-ilie-bolojan-a-fost-primit-de-maia-sandu-la-chisinau\/"},"modified":"2025-03-01T10:44:52","modified_gmt":"2025-03-01T10:44:52","slug":"video-ilie-bolojan-a-fost-primit-de-maia-sandu-la-chisinau","status":"publish","type":"post","link":"https:\/\/247stiri.ro\/index.php\/2025\/03\/01\/video-ilie-bolojan-a-fost-primit-de-maia-sandu-la-chisinau\/","title":{"rendered":"VIDEO. Ilie Bolojan a fost primit de Maia Sandu la Chi\u0219in\u0103u"},"content":{"rendered":"<p>Bolojan, care efectueaz\u0103 o vizit\u0103 oficial\u0103 \u00een Republica Moldova, are o \u00eentrevedere tete-a-tete cu liderul de la Chi\u0219in\u0103u, urm\u00e2nd ca apoi s\u0103 sus\u021bin\u0103 \u00eempreun\u0103 o conferin\u021b\u0103 de pres\u0103.<\/p>\n<p>Ulterior, Ilie Bolojan se va \u00eent\u00e2lni \u0219i cu pre\u0219edintele Parlamentului Republicii Moldova, Igor Grosu, dar \u0219i cu prim-ministrul Dorin Recean.De asemenea, \u00een programul vizitei este prev\u0103zut ca pre\u0219edintele interimar al Rom\u00e2niei s\u0103 depun\u0103 o coroan\u0103 de flori la monumentul lui \u0218tefan cel Mare \u0219i Sf\u00e2nt din centrul capitalei moldovene.\u00a0<\/p>\n\n<p>Vineri, \u00eentr-o conferin\u021b\u0103 de pres\u0103, Bolojan a spus c\u0103 merge la Chi\u0219in\u0103u cu &#8216;ideea de parteneriat, de sprijin \u0219i de colaborare&#8217;.&#8217;Ca de fiecare dat\u0103, Moldova a fost o chestiune special\u0103 pentru \u021bara noastr\u0103, o datorie pentru noi. Ne ducem, ca de fiecare dat\u0103, cu ideea de a-i sus\u021bine \u0219i de a g\u0103si formule de colaborare \u00een a\u0219a fel \u00eenc\u00e2t \u0219i la ei \u0219i la noi lucrurile s\u0103 mearg\u0103 c\u00e2t mai bine. Mergem cu ideea de parteneriat, de sprijin \u0219i de colaborare, a\u0219a cum am f\u0103cut-o de fiecare dat\u0103&#8217;, a spus Ilie Bolojan.<\/p>\n<p><a title=\"Ce i-a transmis Zelenski lui Bolojan, dupa cearta cu Donald Trump\" href=\"https:\/\/www.realitatea.net\/stiri\/politica\/ce-ia-transmis-zelenski-lui-bolojan-dupa-cearta-cu-donald-trump_67c2c9685ecda57dea79dd33\">Ce i-a transmis Zelenski lui Bolojan, dup\u0103 cearta cu Donald Trump<\/a><\/p>","protected":false},"excerpt":{"rendered":"<p>Bolojan, care efectueaz\u0103 o vizit\u0103 oficial\u0103 \u00een Republica Moldova, are o \u00eentrevedere tete-a-tete cu liderul&hellip;<\/p>\n","protected":false},"author":0,"featured_media":35881,"comment_status":"open","ping_status":"open","sticky":false,"template":"","format":"standard","meta":{"footnotes":""},"categories":[2],"tags":[],"class_list":["post-35903","post","type-post","status-publish","format-standard","has-post-thumbnail","hentry","category-actual"],"_links":{"self":[{"href":"https:\/\/247stiri.ro\/index.php\/wp-json\/wp\/v2\/posts\/35903","targetHints":{"allow":["GET"]}}],"collection":[{"href":"https:\/\/247stiri.ro\/index.php\/wp-json\/wp\/v2\/posts"}],"about":[{"href":"https:\/\/247stiri.ro\/index.php\/wp-json\/wp\/v2\/types\/post"}],"replies":[{"embeddable":true,"href":"https:\/\/247stiri.ro\/index.php\/wp-json\/wp\/v2\/comments?post=35903"}],"version-history":[{"count":0,"href":"https:\/\/247stiri.ro\/index.php\/wp-json\/wp\/v2\/posts\/35903\/revisions"}],"wp:featuredmedia":[{"embeddable":true,"href":"https:\/\/247stiri.ro\/index.php\/wp-json\/wp\/v2\/media\/35881"}],"wp:attachment":[{"href":"https:\/\/247stiri.ro\/index.php\/wp-json\/wp\/v2\/media?parent=35903"}],"wp:term":[{"taxonomy":"category","embeddable":true,"href":"https:\/\/247stiri.ro\/index.php\/wp-json\/wp\/v2\/categories?post=35903"},{"taxonomy":"post_tag","embeddable":true,"href":"https:\/\/247stiri.ro\/index.php\/wp-json\/wp\/v2\/tags?post=35903"}],"curies":[{"name":"wp","href":"https:\/\/api.w.org\/{rel}","templated":true}]}}