{"id":35923,"date":"2025-03-01T14:45:41","date_gmt":"2025-03-01T14:45:41","guid":{"rendered":"https:\/\/247stiri.ro\/index.php\/2025\/03\/01\/o-masina-s-a-rasturnat-intr-o-rapa-in-judetul-suceava-doua-persoane-au-ajuns-la-spital\/"},"modified":"2025-03-01T14:45:41","modified_gmt":"2025-03-01T14:45:41","slug":"o-masina-s-a-rasturnat-intr-o-rapa-in-judetul-suceava-doua-persoane-au-ajuns-la-spital","status":"publish","type":"post","link":"https:\/\/247stiri.ro\/index.php\/2025\/03\/01\/o-masina-s-a-rasturnat-intr-o-rapa-in-judetul-suceava-doua-persoane-au-ajuns-la-spital\/","title":{"rendered":"O ma\u0219in\u0103 s-a r\u0103sturnat \u00eentr-o r\u00e2p\u0103, \u00een jude\u021bul Suceava. Dou\u0103 persoane au ajuns la spital"},"content":{"rendered":"<p>\u201eMa\u015fina a c\u0103zut \u00eentr-o r\u00e2p\u0103 \u015fi s-a r\u0103sturnat p\u00e2n\u0103 pe malul r\u00e2ului Bistri\u0163a. \u00cen eveniment au fost implicate dou\u0103 persoane, un b\u0103rbat \u015fi o femeie. B\u0103rbatul a ie\u015fit singur din ma\u015fin\u0103, \u00eens\u0103 femeia, semicon\u015ftient\u0103, a r\u0103mas blocat\u0103 \u00een interior, ambii av\u00e2nd diferite traumatisme\u201d, transmit oficialii Inspectoratului pentru Situa\u0163ii de Urgen\u0163\u0103 Suceava.<\/p>\n<p>Trei pompieri militari de la Deta\u015famentul Vatra Dornei, care se aflau \u00een zon\u0103 \u00een momentul producerii accidentului, au auzit prin sta\u0163ia radio despre eveniment \u015fi au localizat ma\u015fina implicat\u0103 \u00een accident.<\/p>\n<p>Pompierii au cobor\u00e2t r\u00e2pa abrupt\u0103, la o diferen\u0163\u0103 de nivel de peste zece metri fa\u0163\u0103 de carosabil.<\/p>\n<p>\u201eSalvatorii au creat accesul c\u0103tre victima blocat\u0103 \u00een ma\u015fin\u0103 \u015fi \u00a0au stabilizat-o, p\u00e2n\u0103 c\u00e2nd la fa\u0163a locului a ajuns primul echipaj medical. La scurt timp, a ajuns \u015fi modulul SMURD, cu o autospecial\u0103 pentru descarcerare \u015fi o ambulan\u0163\u0103 SMURD. Echipajul paramedical l-a preluat pe b\u0103rbatul implicat \u00een accident, i-a acordat primul ajutor, dup\u0103 care l-au transportat la spital\u201d, precizeaz\u0103 sursa citat\u0103.<\/p>\n<p>Femeia r\u0103nit\u0103 a primit, \u00een prim\u0103 faz\u0103, \u00eengrijiri medicale la fa\u0163a locului, fiind apoi preluat\u0103 de echipajul Serviciului de Ambulan\u0163\u0103 Jude\u0163ean Suceava \u015fi transportat\u0103 la Unitatea de Primiri Urgen\u0163e Suceava.<\/p>","protected":false},"excerpt":{"rendered":"<p>\u201eMa\u015fina a c\u0103zut \u00eentr-o r\u00e2p\u0103 \u015fi s-a r\u0103sturnat p\u00e2n\u0103 pe malul r\u00e2ului Bistri\u0163a. \u00cen eveniment&hellip;<\/p>\n","protected":false},"author":0,"featured_media":35924,"comment_status":"open","ping_status":"open","sticky":false,"template":"","format":"standard","meta":{"footnotes":""},"categories":[2],"tags":[],"class_list":["post-35923","post","type-post","status-publish","format-standard","has-post-thumbnail","hentry","category-actual"],"_links":{"self":[{"href":"https:\/\/247stiri.ro\/index.php\/wp-json\/wp\/v2\/posts\/35923","targetHints":{"allow":["GET"]}}],"collection":[{"href":"https:\/\/247stiri.ro\/index.php\/wp-json\/wp\/v2\/posts"}],"about":[{"href":"https:\/\/247stiri.ro\/index.php\/wp-json\/wp\/v2\/types\/post"}],"replies":[{"embeddable":true,"href":"https:\/\/247stiri.ro\/index.php\/wp-json\/wp\/v2\/comments?post=35923"}],"version-history":[{"count":0,"href":"https:\/\/247stiri.ro\/index.php\/wp-json\/wp\/v2\/posts\/35923\/revisions"}],"wp:featuredmedia":[{"embeddable":true,"href":"https:\/\/247stiri.ro\/index.php\/wp-json\/wp\/v2\/media\/35924"}],"wp:attachment":[{"href":"https:\/\/247stiri.ro\/index.php\/wp-json\/wp\/v2\/media?parent=35923"}],"wp:term":[{"taxonomy":"category","embeddable":true,"href":"https:\/\/247stiri.ro\/index.php\/wp-json\/wp\/v2\/categories?post=35923"},{"taxonomy":"post_tag","embeddable":true,"href":"https:\/\/247stiri.ro\/index.php\/wp-json\/wp\/v2\/tags?post=35923"}],"curies":[{"name":"wp","href":"https:\/\/api.w.org\/{rel}","templated":true}]}}